{"id":64060,"date":"2019-04-13T11:39:28","date_gmt":"2019-04-13T14:39:28","guid":{"rendered":"http:\/\/portalcatolico.net\/portal\/?p=64060"},"modified":"2019-04-13T18:40:03","modified_gmt":"2019-04-13T21:40:03","slug":"procissao-e-missa-relembram-a-entrada-triunfal-de-jesus-em-jerusalem","status":"publish","type":"post","link":"https:\/\/portalcatolico.net\/portal\/procissao-e-missa-relembram-a-entrada-triunfal-de-jesus-em-jerusalem\/","title":{"rendered":"Prociss\u00e3o e Missa relembram a entrada triunfal de Jesus em Jerusal\u00e9m"},"content":{"rendered":"<p><em>A prociss\u00e3o do Domingo de Ramos ter\u00e1 in\u00edcio \u00e0s 7h30, na pra\u00e7a do Campo Grande, em Salvador<\/em><\/p>\n<p>No pr\u00f3ximo domingo (14), fi\u00e9is da Arquidiocese de Salvador participar\u00e3o da prociss\u00e3o e da Missa do Domingo de Ramos, dando in\u00edcio \u00e0 Semana Maior, que \u00e9 a Semana Santa. Al\u00e9m das programa\u00e7\u00f5es pr\u00f3prias de cada par\u00f3quia, os cat\u00f3licos se reunir\u00e3o \u00e0s 7h30 na pra\u00e7a do Campo Grande para a b\u00ean\u00e7\u00e3o dos ramos, e seguir\u00e3o rumo \u00e0 Pra\u00e7a Municipal, onde o Arcebispo de Salvador e Primaz do Brasil, Dom Murilo Krieger, presidir\u00e1 a Missa.<\/p>\n<p>No percurso os cat\u00f3licos relembrar\u00e3o a entrada triunfal de Jesus em Jerusal\u00e9m, quando foi saudado pelos judeus. Tr\u00eas trios el\u00e9tricos animar\u00e3o a prociss\u00e3o. Neste dia a juventude tem um papel importante, j\u00e1 que na \u00e9poca de Jesus os jovens eram a maioria. Uma carta enviada pelo Papa Francisco por ocasi\u00e3o do Dia Mundial da Juventude (DNJ) ser\u00e1 lida como uma esp\u00e9cie de renova\u00e7\u00e3o do compromisso da juventude com a f\u00e9 e a evangeliza\u00e7\u00e3o.<\/p>\n<p>Ao chegar \u00e0 Pra\u00e7a Municipal, Dom Murilo presidir\u00e1 a Missa campal. Ao final da Celebra\u00e7\u00e3o Eucar\u00edstica, jovens representantes das 10 Foranias que comp\u00f5em a Arquidiocese de Salvador, subir\u00e3o ao altar para receber o \u00edcone com a imagem de Nossa Senhora da Concei\u00e7\u00e3o da Praia, que \u00e9 a Padroeira da Bahia. Estes \u00edcones percorrer\u00e3o as 100 par\u00f3quias e a diaconia ao longo de todo o ano. Esta iniciativa faz pare dos preparativos para a comemora\u00e7\u00e3o dos 470 anos da devo\u00e7\u00e3o \u00e0 Nossa Senhora da Concei\u00e7\u00e3o, hist\u00f3ria que se mistura com a funda\u00e7\u00e3o da cidade do Salvador.<\/p>\n<p>\u00c9 importante ressaltar que no Domingo de Ramos acontece tamb\u00e9m a Coleta da Solidariedade \u2013 parte integrante da Campanha da Fraternidade (CF) \u2013, que tem como objetivo despertar o esp\u00edrito de caridade, partilha, fraternidade e de amor ao pr\u00f3ximo. O gesto concreto acontece por meio da doa\u00e7\u00e3o financeira e todo o dinheiro ofertado deve ser fruto de pequenas ren\u00fancias ao longo de toda a Quaresma, como um processo de convers\u00e3o pessoal.<\/p>\n<p>Al\u00e9m de Dom Murilo, os bispos auxiliares e padres da Arquidiocese de Salvador tamb\u00e9m participam da prociss\u00e3o e da Missa.<\/p>\n<p><strong>&nbsp;<\/strong>Por Sara Gomes\/Arquidiocese de Salvador<\/p>\n","protected":false},"excerpt":{"rendered":"<p>A prociss\u00e3o do Domingo de Ramos ter\u00e1 in\u00edcio \u00e0s 7h30, na pra\u00e7a do Campo Grande, em Salvador No pr\u00f3ximo domingo (14), fi\u00e9is da Arquidiocese de Salvador participar\u00e3o da prociss\u00e3o e da Missa do Domingo de Ramos, dando in\u00edcio \u00e0 Semana Maior, que \u00e9 a Semana Santa. Al\u00e9m das programa\u00e7\u00f5es pr\u00f3prias de cada par\u00f3quia, os cat\u00f3licos&nbsp;<\/p>\n<p><a class=\"btn btn-style\" href=\"https:\/\/portalcatolico.net\/portal\/procissao-e-missa-relembram-a-entrada-triunfal-de-jesus-em-jerusalem\/\">Continue Reading<\/a><\/p>\n","protected":false},"author":2,"featured_media":64061,"comment_status":"open","ping_status":"open","sticky":false,"template":"","format":"standard","meta":{"footnotes":""},"categories":[3],"tags":[],"class_list":["post-64060","post","type-post","status-publish","format-standard","has-post-thumbnail","hentry","category-noticias_regionais"],"_links":{"self":[{"href":"https:\/\/portalcatolico.net\/portal\/wp-json\/wp\/v2\/posts\/64060","targetHints":{"allow":["GET"]}}],"collection":[{"href":"https:\/\/portalcatolico.net\/portal\/wp-json\/wp\/v2\/posts"}],"about":[{"href":"https:\/\/portalcatolico.net\/portal\/wp-json\/wp\/v2\/types\/post"}],"author":[{"embeddable":true,"href":"https:\/\/portalcatolico.net\/portal\/wp-json\/wp\/v2\/users\/2"}],"replies":[{"embeddable":true,"href":"https:\/\/portalcatolico.net\/portal\/wp-json\/wp\/v2\/comments?post=64060"}],"version-history":[{"count":1,"href":"https:\/\/portalcatolico.net\/portal\/wp-json\/wp\/v2\/posts\/64060\/revisions"}],"predecessor-version":[{"id":64062,"href":"https:\/\/portalcatolico.net\/portal\/wp-json\/wp\/v2\/posts\/64060\/revisions\/64062"}],"wp:featuredmedia":[{"embeddable":true,"href":"https:\/\/portalcatolico.net\/portal\/wp-json\/wp\/v2\/media\/64061"}],"wp:attachment":[{"href":"https:\/\/portalcatolico.net\/portal\/wp-json\/wp\/v2\/media?parent=64060"}],"wp:term":[{"taxonomy":"category","embeddable":true,"href":"https:\/\/portalcatolico.net\/portal\/wp-json\/wp\/v2\/categories?post=64060"},{"taxonomy":"post_tag","embeddable":true,"href":"https:\/\/portalcatolico.net\/portal\/wp-json\/wp\/v2\/tags?post=64060"}],"curies":[{"name":"wp","href":"https:\/\/api.w.org\/{rel}","templated":true}]}}