{"id":64052,"date":"2019-04-13T18:13:57","date_gmt":"2019-04-13T21:13:57","guid":{"rendered":"http:\/\/portalcatolico.net\/portal\/?p=64052"},"modified":"2019-04-13T18:15:56","modified_gmt":"2019-04-13T21:15:56","slug":"jovens-catolicos-sao-homenageados-pelo-legislativo-itabunense","status":"publish","type":"post","link":"https:\/\/portalcatolico.net\/portal\/jovens-catolicos-sao-homenageados-pelo-legislativo-itabunense\/","title":{"rendered":"Jovens cat\u00f3licos s\u00e3o homenageados pelo Legislativo itabunense"},"content":{"rendered":"<p>Na semana do Dia do Jovem no Brasil (13 de abril), o Legislativo de&nbsp;Itabuna&nbsp; promoveu eventos para comemorar a data. A iniciativa foi do&nbsp;Vereador Enderson Guinho (PDT),&nbsp;&nbsp;que tem 25 anos de&nbsp;idade. A sess\u00e3o especial foi realizada nesta sexta-feira, 12 de abril,&nbsp; com a&nbsp;entrega de 38 certificados para os&nbsp; jovens itabunenses que se destacam na cidade. As mo\u00e7\u00f5es de&nbsp;congratula\u00e7\u00f5es foram aprovadas, por unanimidade, na sess\u00e3o ordin\u00e1ria&nbsp;&nbsp;da \u00faltima quarta-feira (10\/04).<\/p>\n<p>Vale ressaltar que o Vereador Enderson&nbsp; Guinho tamb\u00e9m&nbsp;foi indicado pelo Vereador Beto Dourado (PSDB).<\/p>\n<p>O jovem Rafael Santos foi homenageado como destaque que atua nos bairros S\u00e3o Caetano, Fonseca, entre&nbsp;outros, pelo seu trabalho de evangeliza\u00e7\u00e3o na par\u00f3quia Santa Rita de&nbsp;C\u00e1ssia do bairro S\u00e3o Caetano.&nbsp; Na oportunidade, ele informou que sonha no futuro em atuar na pol\u00edtica itabunense.&nbsp;<\/p>\n<p>O plen\u00e1rio Raimundo Lima&nbsp; ficou completamente lotado, com as presen\u00e7as&nbsp;dos familiares e amigos dos jovens homenageados.<\/p>\n<p>Outro destaque foi o vereador e coordenador diocesano e paroquial da par\u00f3quia&nbsp;Senhor do Bonfim em Itabuna: Enderson Guinho. O&nbsp; jovem que sempre est\u00e1 apoiando a&nbsp;juventude, colaborando e evangelizando em Itabuna e em cidades&nbsp;circunvizinhas.<\/p>\n<p>&#8220;Trinta e oito jovens est\u00e3o sendo homenageados nesta noite. Esse evento&nbsp;&nbsp;reconhece a import\u00e2ncia do jovem para uma sociedade e mostra ao poder p\u00fablico e \u00e0 sociedade que eles podem ajudar a construir uma sociedade harm\u00f4nica, cada um assumindo o seu papel. Com essa sess\u00e3o, n\u00f3s tamb\u00e9m temos a oportunidade de trazer o jovem para a C\u00e2mara Municipal que \u00e9 a casa do povo!&#8221;, afirmou Enderson Guinho.<\/p>\n<p>A equipe do Portal Cat\u00f3lico parabeniza todos esses jovens que sabem fazer a diferen\u00e7a na sociedade!<\/p>\n<p>Fotos:Acervo\/Portal Cat\u00f3lico<\/p>\n<p>Mat\u00e9ria e edi\u00e7\u00e3o de texto:Portal Cat\u00f3lico<\/p>\n<p>Confira as fotos em nossa Fan Page.<a href=\"https:\/\/www.facebook.com\/portalcatolicooficial\/\"><strong>Clique aqui<\/strong><\/a><\/p>\n","protected":false},"excerpt":{"rendered":"<p>Na semana do Dia do Jovem no Brasil (13 de abril), o Legislativo de&nbsp;Itabuna&nbsp; promoveu eventos para comemorar a data. A iniciativa foi do&nbsp;Vereador Enderson Guinho (PDT),&nbsp;&nbsp;que tem 25 anos de&nbsp;idade. A sess\u00e3o especial foi realizada nesta sexta-feira, 12 de abril,&nbsp; com a&nbsp;entrega de 38 certificados para os&nbsp; jovens itabunenses que se destacam na cidade.&nbsp;<\/p>\n<p><a class=\"btn btn-style\" href=\"https:\/\/portalcatolico.net\/portal\/jovens-catolicos-sao-homenageados-pelo-legislativo-itabunense\/\">Continue Reading<\/a><\/p>\n","protected":false},"author":2,"featured_media":64053,"comment_status":"open","ping_status":"open","sticky":false,"template":"","format":"standard","meta":{"footnotes":""},"categories":[65],"tags":[],"class_list":["post-64052","post","type-post","status-publish","format-standard","has-post-thumbnail","hentry","category-entrevistas"],"_links":{"self":[{"href":"https:\/\/portalcatolico.net\/portal\/wp-json\/wp\/v2\/posts\/64052","targetHints":{"allow":["GET"]}}],"collection":[{"href":"https:\/\/portalcatolico.net\/portal\/wp-json\/wp\/v2\/posts"}],"about":[{"href":"https:\/\/portalcatolico.net\/portal\/wp-json\/wp\/v2\/types\/post"}],"author":[{"embeddable":true,"href":"https:\/\/portalcatolico.net\/portal\/wp-json\/wp\/v2\/users\/2"}],"replies":[{"embeddable":true,"href":"https:\/\/portalcatolico.net\/portal\/wp-json\/wp\/v2\/comments?post=64052"}],"version-history":[{"count":3,"href":"https:\/\/portalcatolico.net\/portal\/wp-json\/wp\/v2\/posts\/64052\/revisions"}],"predecessor-version":[{"id":64056,"href":"https:\/\/portalcatolico.net\/portal\/wp-json\/wp\/v2\/posts\/64052\/revisions\/64056"}],"wp:featuredmedia":[{"embeddable":true,"href":"https:\/\/portalcatolico.net\/portal\/wp-json\/wp\/v2\/media\/64053"}],"wp:attachment":[{"href":"https:\/\/portalcatolico.net\/portal\/wp-json\/wp\/v2\/media?parent=64052"}],"wp:term":[{"taxonomy":"category","embeddable":true,"href":"https:\/\/portalcatolico.net\/portal\/wp-json\/wp\/v2\/categories?post=64052"},{"taxonomy":"post_tag","embeddable":true,"href":"https:\/\/portalcatolico.net\/portal\/wp-json\/wp\/v2\/tags?post=64052"}],"curies":[{"name":"wp","href":"https:\/\/api.w.org\/{rel}","templated":true}]}}