{"id":64025,"date":"2019-04-10T21:56:46","date_gmt":"2019-04-11T00:56:46","guid":{"rendered":"http:\/\/portalcatolico.net\/portal\/?p=64025"},"modified":"2019-04-10T21:56:46","modified_gmt":"2019-04-11T00:56:46","slug":"padre-neiva-celebra-102-anos-com-missa-em-acao-de-gracas-na-catedral-em-cruz-das-almas","status":"publish","type":"post","link":"https:\/\/portalcatolico.net\/portal\/padre-neiva-celebra-102-anos-com-missa-em-acao-de-gracas-na-catedral-em-cruz-das-almas\/","title":{"rendered":"Padre Neiva celebra 102 anos com Missa em A\u00e7\u00e3o de Gra\u00e7as na Catedral em Cruz das Almas"},"content":{"rendered":"<p>A celebra\u00e7\u00e3o contou com as presen\u00e7as do Padre Josevaldo Carvalho, Di\u00e1cono Washington Murilo e f\u00e9is da Igreja Cat\u00f3lica, al\u00e9m do aniversariante dos familiares.<\/p>\n<p>O P\u00e1roco Em\u00e9rito de Cruz das Almas, Monsenhor Jos\u00e9 de Souza Neiva, celebrou 102 anos de vida na \u00faltima ter\u00e7a-feira, 9 de abril.<\/p>\n<p>Uma celebra\u00e7\u00e3o em a\u00e7\u00e3o de gra\u00e7as pelo seu anivers\u00e1rio foi realizada na Catedral de Nossa Senhora do Bom Sucesso, na Pra\u00e7a Senador Themistocles.<\/p>\n<p>A celebra\u00e7\u00e3o contou com as presen\u00e7as do Padre Josevaldo Carvalho, Di\u00e1cono Washington Murilo e f\u00e9is da Igreja Cat\u00f3lica, al\u00e9m do aniversariante e de familiares.<\/p>\n<p>Fonte:Forte na Noticia<\/p>\n<p>Foto: Diocese de Cruz das Almas(BA)<\/p>\n","protected":false},"excerpt":{"rendered":"<p>A celebra\u00e7\u00e3o contou com as presen\u00e7as do Padre Josevaldo Carvalho, Di\u00e1cono Washington Murilo e f\u00e9is da Igreja Cat\u00f3lica, al\u00e9m do aniversariante dos familiares. O P\u00e1roco Em\u00e9rito de Cruz das Almas, Monsenhor Jos\u00e9 de Souza Neiva, celebrou 102 anos de vida na \u00faltima ter\u00e7a-feira, 9 de abril. Uma celebra\u00e7\u00e3o em a\u00e7\u00e3o de gra\u00e7as pelo seu anivers\u00e1rio&nbsp;<\/p>\n<p><a class=\"btn btn-style\" href=\"https:\/\/portalcatolico.net\/portal\/padre-neiva-celebra-102-anos-com-missa-em-acao-de-gracas-na-catedral-em-cruz-das-almas\/\">Continue Reading<\/a><\/p>\n","protected":false},"author":2,"featured_media":64026,"comment_status":"open","ping_status":"open","sticky":false,"template":"","format":"standard","meta":{"footnotes":""},"categories":[3],"tags":[],"class_list":["post-64025","post","type-post","status-publish","format-standard","has-post-thumbnail","hentry","category-noticias_regionais"],"_links":{"self":[{"href":"https:\/\/portalcatolico.net\/portal\/wp-json\/wp\/v2\/posts\/64025","targetHints":{"allow":["GET"]}}],"collection":[{"href":"https:\/\/portalcatolico.net\/portal\/wp-json\/wp\/v2\/posts"}],"about":[{"href":"https:\/\/portalcatolico.net\/portal\/wp-json\/wp\/v2\/types\/post"}],"author":[{"embeddable":true,"href":"https:\/\/portalcatolico.net\/portal\/wp-json\/wp\/v2\/users\/2"}],"replies":[{"embeddable":true,"href":"https:\/\/portalcatolico.net\/portal\/wp-json\/wp\/v2\/comments?post=64025"}],"version-history":[{"count":1,"href":"https:\/\/portalcatolico.net\/portal\/wp-json\/wp\/v2\/posts\/64025\/revisions"}],"predecessor-version":[{"id":64027,"href":"https:\/\/portalcatolico.net\/portal\/wp-json\/wp\/v2\/posts\/64025\/revisions\/64027"}],"wp:featuredmedia":[{"embeddable":true,"href":"https:\/\/portalcatolico.net\/portal\/wp-json\/wp\/v2\/media\/64026"}],"wp:attachment":[{"href":"https:\/\/portalcatolico.net\/portal\/wp-json\/wp\/v2\/media?parent=64025"}],"wp:term":[{"taxonomy":"category","embeddable":true,"href":"https:\/\/portalcatolico.net\/portal\/wp-json\/wp\/v2\/categories?post=64025"},{"taxonomy":"post_tag","embeddable":true,"href":"https:\/\/portalcatolico.net\/portal\/wp-json\/wp\/v2\/tags?post=64025"}],"curies":[{"name":"wp","href":"https:\/\/api.w.org\/{rel}","templated":true}]}}