{"id":64022,"date":"2019-04-10T21:50:46","date_gmt":"2019-04-11T00:50:46","guid":{"rendered":"http:\/\/portalcatolico.net\/portal\/?p=64022"},"modified":"2019-04-10T21:50:46","modified_gmt":"2019-04-11T00:50:46","slug":"paixao-morte-e-ressurreicao-de-jesus-fieis-da-arquidiocese-de-salvador-vivenciam-a-semana-santa","status":"publish","type":"post","link":"https:\/\/portalcatolico.net\/portal\/paixao-morte-e-ressurreicao-de-jesus-fieis-da-arquidiocese-de-salvador-vivenciam-a-semana-santa\/","title":{"rendered":"Paix\u00e3o, Morte e Ressurrei\u00e7\u00e3o de Jesus: fi\u00e9is da Arquidiocese de Salvador vivenciam a Semana Santa"},"content":{"rendered":"<p>A Igreja se prepara para vivenciar a Semana Santa, tempo forte que recorda a Paix\u00e3o Morte e Ressurrei\u00e7\u00e3o de Nosso Senhor Jesus Cristo. Neste per\u00edodo, tamb\u00e9m chamado de Semana Maior, as 101 par\u00f3quias e a diaconia da Arquidiocese de Salvador contam com programa\u00e7\u00f5es especiais. O Arcebispo de Salvador e Primaz do Brasil, Dom Murilo Krieger, e os bispos auxiliares, Dom Estevam dos Santos Silva Filho, Dom Marco Eug\u00eanio Galr\u00e3o e Dom H\u00e9lio Pereira dos Santos, presidir\u00e3o Missas e celebra\u00e7\u00f5es. Confira a programa\u00e7\u00e3o:<\/p>\n<p><strong><u>14 de abril \u2013&nbsp;<\/u><\/strong><em><strong><u>Domingo de Ramos<\/u><\/strong><\/em><\/p>\n<p>A abertura da Semana Santa acontece no Domingo de Ramos, que este ano ser\u00e1 no dia 14 de abril. Os fi\u00e9is se encontrar\u00e3o na pra\u00e7a do Campo Grande \u00e0s 7h30 e seguir\u00e3o em prociss\u00e3o at\u00e9 a pra\u00e7a Municipal, onde o Arcebispo de Salvador e Primaz do Brasil, Dom Murilo Krieger, presidir\u00e1 a Missa.<\/p>\n<p><strong><u>17 de abril \u2013&nbsp;<\/u><\/strong><em><strong><u>Prociss\u00e3o do Encontro<\/u><\/strong><\/em><\/p>\n<p>A Quarta-feira Santa \u00e9 marcada pelo encontro simb\u00f3lico das imagens de Nossa Senhora das Dores e do Senhor Bom Jesus dos Passos. Neste dia, \u00e0s 12h30, a Missa ser\u00e1 celebrada na Igreja da Ajuda (Centro Hist\u00f3rico). Logo ap\u00f3s a Celebra\u00e7\u00e3o Eucar\u00edstica, por volta das 13h30, a imagem do Senhor Bom Jesus dos Passos ser\u00e1 conduzida at\u00e9 a Igreja de S\u00e3o Domingos de Gusm\u00e3o (Terreiro de Jesus), onde se encontrar\u00e1 com a imagem de Nossa Senhora das Dores. A prociss\u00e3o percorrer\u00e1 algumas ruas do Centro Hist\u00f3rico e as duas imagens ser\u00e3o levadas de volta para a Igreja da Ajuda.<\/p>\n<p><strong><u>18 de abril<\/u><\/strong><\/p>\n<p><em><strong><u>Missa dos Santos \u00d3leos<\/u><\/strong><\/em><\/p>\n<p>Na manh\u00e3 da Quinta-feira Santa, o Arcebispo de Salvador e Primaz do Brasil, Dom Murilo Krieger, presidir\u00e1 a Missa do Crisma e da Renova\u00e7\u00e3o das Promessas Sacerdotais. Neste dia, todo o clero da Arquidiocese de Salvador participa desta Celebra\u00e7\u00e3o Eucar\u00edstica que, este ano, acontecer\u00e1 na Catedral Bas\u00edlica, \u00e0s 8h30.<\/p>\n<p>Durante a celebra\u00e7\u00e3o, Dom Murilo far\u00e1 o rito de b\u00ean\u00e7\u00e3o dos \u00f3leos dos&nbsp;catec\u00famenos, que s\u00e3o usados no&nbsp;<strong>Batismo<\/strong>&nbsp;e no&nbsp;<strong>Crisma<\/strong>, e o \u00f3leo da&nbsp;<strong>Un\u00e7\u00e3o dos Enfermos<\/strong>. Nesta celebra\u00e7\u00e3o os padres tamb\u00e9m renovam as promessas pronunciadas no dia da Ordena\u00e7\u00e3o Sacerdotal, sendo por isso tamb\u00e9m chamada Missa da Unidade, expressando a comunh\u00e3o diocesana em torno do mist\u00e9rio pascal de Cristo. \u00c9 um momento muito intenso de comunh\u00e3o eclesial, de participa\u00e7\u00e3o das comunidades e de valoriza\u00e7\u00e3o dos sacramentos da vida da Igreja.<\/p>\n<p><em><strong>&nbsp;<\/strong><\/em><em><strong><u>Missa da Ceia e do Lava-P\u00e9s<\/u><\/strong><\/em><\/p>\n<p>\u00c0 noite, \u00e0s 18h, Dom Murilo presidir\u00e1 a Missa da Ceia do Senhor, na Catedral Bas\u00edlica.<\/p>\n<p><strong>&nbsp;<\/strong><strong><u>19 de abril \u2013&nbsp;<\/u><\/strong><em><strong><u>Sexta-feira da Paix\u00e3o<\/u><\/strong><\/em><\/p>\n<p>Dom Murilo presidir\u00e1 a Liturgia da Paix\u00e3o, a partir das 15h, na Igreja S\u00e3o Domingos de Gusm\u00e3o (Terreiro de Jesus). Logo ap\u00f3s, os fi\u00e9is sair\u00e3o em prociss\u00e3o, carregando as imagens do Senhor Morto e de Nossa Senhora das Dores, relembrando os \u00faltimos passos de Jesus no caminho at\u00e9 o calv\u00e1rio. A partir das 17h, na Catedral Bas\u00edlica, acontecer\u00e1 a venera\u00e7\u00e3o da imagem do Senhor Morto<\/p>\n<p><strong>&nbsp;<\/strong><strong><u>20 de abril \u2013&nbsp;<\/u><\/strong><em><strong><u>S\u00e1bado Santo \/ Vig\u00edlia Pascal<\/u><\/strong><\/em><\/p>\n<p>No S\u00e1bado Santo, a Vig\u00edlia Pascal ter\u00e1 in\u00edcio \u00e0s 18h, na Catedral Bas\u00edlica.<\/p>\n<p><strong>&nbsp;<\/strong><strong><u>21 de abril \u2013&nbsp;<\/u><\/strong><em><strong><u>P\u00e1scoa<\/u><\/strong><\/em><\/p>\n<p>Para celebrar a Ressurrei\u00e7\u00e3o do Senhor, Dom Murilo presidir\u00e1 a Missa no Domingo de P\u00e1scoa, \u00e0s 10h, na Catedral Bas\u00edlica.<\/p>\n<p>Por: Sara Gomes\/Arquidiocese de Salvador<\/p>\n","protected":false},"excerpt":{"rendered":"<p>A Igreja se prepara para vivenciar a Semana Santa, tempo forte que recorda a Paix\u00e3o Morte e Ressurrei\u00e7\u00e3o de Nosso Senhor Jesus Cristo. Neste per\u00edodo, tamb\u00e9m chamado de Semana Maior, as 101 par\u00f3quias e a diaconia da Arquidiocese de Salvador contam com programa\u00e7\u00f5es especiais. O Arcebispo de Salvador e Primaz do Brasil, Dom Murilo Krieger,&nbsp;<\/p>\n<p><a class=\"btn btn-style\" href=\"https:\/\/portalcatolico.net\/portal\/paixao-morte-e-ressurreicao-de-jesus-fieis-da-arquidiocese-de-salvador-vivenciam-a-semana-santa\/\">Continue Reading<\/a><\/p>\n","protected":false},"author":2,"featured_media":64023,"comment_status":"open","ping_status":"open","sticky":false,"template":"","format":"standard","meta":{"footnotes":""},"categories":[3],"tags":[],"class_list":["post-64022","post","type-post","status-publish","format-standard","has-post-thumbnail","hentry","category-noticias_regionais"],"_links":{"self":[{"href":"https:\/\/portalcatolico.net\/portal\/wp-json\/wp\/v2\/posts\/64022","targetHints":{"allow":["GET"]}}],"collection":[{"href":"https:\/\/portalcatolico.net\/portal\/wp-json\/wp\/v2\/posts"}],"about":[{"href":"https:\/\/portalcatolico.net\/portal\/wp-json\/wp\/v2\/types\/post"}],"author":[{"embeddable":true,"href":"https:\/\/portalcatolico.net\/portal\/wp-json\/wp\/v2\/users\/2"}],"replies":[{"embeddable":true,"href":"https:\/\/portalcatolico.net\/portal\/wp-json\/wp\/v2\/comments?post=64022"}],"version-history":[{"count":1,"href":"https:\/\/portalcatolico.net\/portal\/wp-json\/wp\/v2\/posts\/64022\/revisions"}],"predecessor-version":[{"id":64024,"href":"https:\/\/portalcatolico.net\/portal\/wp-json\/wp\/v2\/posts\/64022\/revisions\/64024"}],"wp:featuredmedia":[{"embeddable":true,"href":"https:\/\/portalcatolico.net\/portal\/wp-json\/wp\/v2\/media\/64023"}],"wp:attachment":[{"href":"https:\/\/portalcatolico.net\/portal\/wp-json\/wp\/v2\/media?parent=64022"}],"wp:term":[{"taxonomy":"category","embeddable":true,"href":"https:\/\/portalcatolico.net\/portal\/wp-json\/wp\/v2\/categories?post=64022"},{"taxonomy":"post_tag","embeddable":true,"href":"https:\/\/portalcatolico.net\/portal\/wp-json\/wp\/v2\/tags?post=64022"}],"curies":[{"name":"wp","href":"https:\/\/api.w.org\/{rel}","templated":true}]}}