{"id":64015,"date":"2019-04-10T20:18:55","date_gmt":"2019-04-10T23:18:55","guid":{"rendered":"http:\/\/portalcatolico.net\/portal\/?p=64015"},"modified":"2019-04-10T20:38:15","modified_gmt":"2019-04-10T23:38:15","slug":"diocese-de-itabuna-prepara-missa-dos-santos-oleos-que-acontecera-na-catedral-de-sao-jose","status":"publish","type":"post","link":"https:\/\/portalcatolico.net\/portal\/diocese-de-itabuna-prepara-missa-dos-santos-oleos-que-acontecera-na-catedral-de-sao-jose\/","title":{"rendered":"Diocese de Itabuna prepara Missa dos Santos \u00d3leos que acontecer\u00e1 na Catedral de S\u00e3o Jos\u00e9"},"content":{"rendered":"<div dir=\"auto\">Antes de celebrarmos os mist\u00e9rios centrais da salva\u00e7\u00e3o, toda a comunidade diocesana, de modo muito significativo o clero, se unir\u00e1 ao seu Bispo para a b\u00ean\u00e7\u00e3o dos Santos \u00d3leos e para a renova\u00e7\u00e3o das promessas sacerdotais.<\/div>\n<div dir=\"auto\">Esta grande celebra\u00e7\u00e3o acontece nesta pr\u00f3xima segunda feira, 15 de abril, \u00e0s 18h, na Par\u00f3quia Catedral de S\u00e3o Jos\u00e9, na cidade de Itabuna, no sul da Bahia.<\/div>\n<div dir=\"auto\">Todos os anos, as dioceses de todo o Brasil se re\u00fanem em suas catedrais diocesanas para a celebra\u00e7\u00e3o da Missa do Crisma. Mas, voc\u00ea sabe qual o simbolismo desse momento para a Igreja?<\/div>\n<div dir=\"auto\">Durante esta celebra\u00e7\u00e3o, se aben\u00e7oa o \u00f3leo dos catec\u00famenos e dos enfermos e se consagra o \u00f3leo do Santo&nbsp;Crisma, da\u00ed, a celebra\u00e7\u00e3o ser tamb\u00e9m chamada de &#8216;Missa dos Santos \u00d3leos&#8217;.<\/div>\n<div dir=\"auto\">\n<p>Ap\u00f3s o t\u00e9rmino do rito, os padres voltam para suas par\u00f3quias de origem, levando a por\u00e7\u00e3o dos \u00f3leos para que possa ocorrer a pr\u00e1tica dos sacramentos dos seus fi\u00e9is.<\/p>\n<\/div>\n<div dir=\"auto\">A Celebra\u00e7\u00e3o Eucar\u00edstica, tamb\u00e9m conhecida como Missa dos Santos \u00d3leos, ser\u00e1 presidida pelo bispo de Diocese de Itabuna, Dom Carlos Alberto dos Santos, e concelebrada pelos di\u00e1conos permanente da diocese e pelos padres das 33 par\u00f3quias dos&nbsp; 19 munic\u00edpios baianos.<\/div>\n<div dir=\"auto\">Durante a Missa, Dom Carlos Alberto&nbsp; far\u00e1 o rito de b\u00ean\u00e7\u00e3o dos \u00f3leos dos catec\u00famenos e o \u00f3leo da Un\u00e7\u00e3o dos Enfermos.<\/div>\n<div dir=\"auto\" style=\"text-align: center;\"><strong>Entenda o significado dos \u00f3leos:<\/strong><\/div>\n<div dir=\"auto\"><strong>\u00d3leo dos Catec\u00famenos<\/strong>: Concede a for\u00e7a do Esp\u00edrito Santo aqueles que&nbsp;ser\u00e3o batizados para que possam ser lutadores de Deus, ao lado de&nbsp;Cristo, contra o Esp\u00edrito do mal.<\/div>\n<div dir=\"auto\"><strong>\u00d3leo dos Enfermos<\/strong>: \u00c9 um sinal utilizado pelo sacramento da Un\u00e7\u00e3o dos&nbsp;Enfermos, que traz o conforto e a for\u00e7a do Esp\u00edrito Santo para o doente&nbsp;no momento de seu sofrimento. O doente \u00e9 ungido na fronte e na palma das&nbsp;m\u00e3os.<\/div>\n<div dir=\"auto\"><strong>\u00d3leo do Crisma<\/strong>: \u00c9 um \u00f3leo utilizado nas un\u00e7\u00f5es consacrat\u00f3rias dos&nbsp;seguintes sacramentos: depois da imers\u00e3o nas \u00e1guas do batismo, o&nbsp;batizado \u00e9 ungido na fronte; na Confirma\u00e7\u00e3o \u00e9 o s\u00edmbolo principal da&nbsp;<\/div>\n<div dir=\"auto\">\n<p>consagra\u00e7\u00e3o, tamb\u00e9m na fronte; depois da Ordena\u00e7\u00e3o Episcopal, sobre a&nbsp;cabe\u00e7a do novo bispo; depois da ordena\u00e7\u00e3o sacerdotal, na palma das m\u00e3os&nbsp;do n\u00e9o-sacerdote.<\/p>\n<p>Foto:Acervo\/Portal Cat\u00f3lico 2018<\/p>\n<\/div>\n","protected":false},"excerpt":{"rendered":"<p>Antes de celebrarmos os mist\u00e9rios centrais da salva\u00e7\u00e3o, toda a comunidade diocesana, de modo muito significativo o clero, se unir\u00e1 ao seu Bispo para a b\u00ean\u00e7\u00e3o dos Santos \u00d3leos e para a renova\u00e7\u00e3o das promessas sacerdotais. Esta grande celebra\u00e7\u00e3o acontece nesta pr\u00f3xima segunda feira, 15 de abril, \u00e0s 18h, na Par\u00f3quia Catedral de S\u00e3o Jos\u00e9,&nbsp;<\/p>\n<p><a class=\"btn btn-style\" href=\"https:\/\/portalcatolico.net\/portal\/diocese-de-itabuna-prepara-missa-dos-santos-oleos-que-acontecera-na-catedral-de-sao-jose\/\">Continue Reading<\/a><\/p>\n","protected":false},"author":2,"featured_media":64019,"comment_status":"open","ping_status":"open","sticky":false,"template":"","format":"standard","meta":{"footnotes":""},"categories":[4],"tags":[],"class_list":["post-64015","post","type-post","status-publish","format-standard","has-post-thumbnail","hentry","category-destaques"],"_links":{"self":[{"href":"https:\/\/portalcatolico.net\/portal\/wp-json\/wp\/v2\/posts\/64015","targetHints":{"allow":["GET"]}}],"collection":[{"href":"https:\/\/portalcatolico.net\/portal\/wp-json\/wp\/v2\/posts"}],"about":[{"href":"https:\/\/portalcatolico.net\/portal\/wp-json\/wp\/v2\/types\/post"}],"author":[{"embeddable":true,"href":"https:\/\/portalcatolico.net\/portal\/wp-json\/wp\/v2\/users\/2"}],"replies":[{"embeddable":true,"href":"https:\/\/portalcatolico.net\/portal\/wp-json\/wp\/v2\/comments?post=64015"}],"version-history":[{"count":4,"href":"https:\/\/portalcatolico.net\/portal\/wp-json\/wp\/v2\/posts\/64015\/revisions"}],"predecessor-version":[{"id":64021,"href":"https:\/\/portalcatolico.net\/portal\/wp-json\/wp\/v2\/posts\/64015\/revisions\/64021"}],"wp:featuredmedia":[{"embeddable":true,"href":"https:\/\/portalcatolico.net\/portal\/wp-json\/wp\/v2\/media\/64019"}],"wp:attachment":[{"href":"https:\/\/portalcatolico.net\/portal\/wp-json\/wp\/v2\/media?parent=64015"}],"wp:term":[{"taxonomy":"category","embeddable":true,"href":"https:\/\/portalcatolico.net\/portal\/wp-json\/wp\/v2\/categories?post=64015"},{"taxonomy":"post_tag","embeddable":true,"href":"https:\/\/portalcatolico.net\/portal\/wp-json\/wp\/v2\/tags?post=64015"}],"curies":[{"name":"wp","href":"https:\/\/api.w.org\/{rel}","templated":true}]}}