{"id":64012,"date":"2019-04-10T06:44:16","date_gmt":"2019-04-10T09:44:16","guid":{"rendered":"http:\/\/portalcatolico.net\/portal\/?p=64012"},"modified":"2019-04-10T06:44:16","modified_gmt":"2019-04-10T09:44:16","slug":"irlanda-altar-usado-pelo-papa-na-missa-do-encontro-mundial-das-familias-vai-para-paroquia-de-dublin","status":"publish","type":"post","link":"https:\/\/portalcatolico.net\/portal\/irlanda-altar-usado-pelo-papa-na-missa-do-encontro-mundial-das-familias-vai-para-paroquia-de-dublin\/","title":{"rendered":"Irlanda: altar usado pelo Papa na missa do Encontro Mundial das Fam\u00edlias vai para par\u00f3quia de Dublin"},"content":{"rendered":"<div class=\"article__subTitle\">Da missa de encerramento do Encontro Mundial das Fam\u00edlias de agosto, em Dublin, o altar usado pelo Papa Francisco encontrou uma nova morada: na Igreja de S\u00e3o Jos\u00e9 Artes\u00e3o, Par\u00f3quia de BonnyBrook, um templo de 50 anos que foi recentemente reestruturado.<\/div>\n<div class=\"article__text\">\n<p>O altar usado pelo Papa Francisco, quando celebrou a missa no Parque Phoenix, de Dublin, encontrou uma morada permanente numa par\u00f3quia ao norte de Dublin. Desde o in\u00edcio de mar\u00e7o, os paroquianos de BonnyBrook podem contar com o altar usado na missa papal, num templo com 50 anos de vida e renovado recentemente.<\/p>\n<p>Trata-se da Igreja de S\u00e3o Jos\u00e9 Artes\u00e3o que abriu as portas pela primeira vez em 1969, em Dublin, num per\u00edodo em que o edif\u00edcio ganhou poucas reformas. O local agora, por\u00e9m, precisou ser fechado por cinco meses durante o processo de reestrutura\u00e7\u00e3o. Com a reabertura, Pe. Joe Jones espera que o novo espa\u00e7o sagrado encoraje mais pessoas a frequentarem a igreja no ano do seu jubileu de ouro e, em especial, para ver o altar usado pelo Papa Francisco.<\/p>\n<p><strong>Do Encontro Mundial das Fam\u00edlias para casa nova<\/strong><\/p>\n<p>O altar para a missa de encerramento do Encontro Mundial das Fam\u00edlias em Dublin foi produzido de maneira simples, linear e com manufatura nada elaborada para conciliar com o homem simples e de vida simples do Pont\u00edfice. Na missa de dedica\u00e7\u00e3o do novo altar, o arcebispo de Dublin, Dom Diarmuid Martin, abordou o momento de mudan\u00e7a e de novos come\u00e7os para a par\u00f3quia de BonnyBrook.<\/p>\n<p>\u201cA gente se re\u00fane como comunidade fiel ao redor desse altar e nos transformamos n\u00f3s mesmos em corpo de Cristo, a Igreja. A gente se transforma na comunidade de novos come\u00e7os a cada dia enquanto renovamos a nossa f\u00e9. Novos come\u00e7os significa sermos crentes em tempos de mudan\u00e7a, mas tamb\u00e9m novos come\u00e7os nas coisas que duram\u201d, disse o arcebispo. Novos come\u00e7os, acrescentou ainda, \u201cdeve ser mais que um slogan, mas um programa, uma postura. Deve ser um esfor\u00e7o de cuidado e de esperan\u00e7a para aqueles que precisam ou est\u00e3o em dificuldades\u201d.<\/p>\n<p>Dom Martin finalizou afirmando que tem certeza que \u201co Papa Francisco n\u00e3o teria desejado algo melhor\u201d sobre o destino do altar, \u201c\u00e9 um prolongamento daquilo que significava o Encontro Mundial das Fam\u00edlias\u201d. Que a Igreja de BonnyBrook \u201cpossa ser um ponto de refer\u00eancia na comunidade e um farol daquilo que \u00e9 bom e dedicado e amoroso, e um testemunho da presen\u00e7a de Jesus na comunidade\u201d.<\/p>\n<p>Por Andressa Collet\/Vatican News<\/p>\n<p>&nbsp;<\/p>\n<\/div>\n","protected":false},"excerpt":{"rendered":"<p>Da missa de encerramento do Encontro Mundial das Fam\u00edlias de agosto, em Dublin, o altar usado pelo Papa Francisco encontrou uma nova morada: na Igreja de S\u00e3o Jos\u00e9 Artes\u00e3o, Par\u00f3quia de BonnyBrook, um templo de 50 anos que foi recentemente reestruturado. O altar usado pelo Papa Francisco, quando celebrou a missa no Parque Phoenix, de&nbsp;<\/p>\n<p><a class=\"btn btn-style\" href=\"https:\/\/portalcatolico.net\/portal\/irlanda-altar-usado-pelo-papa-na-missa-do-encontro-mundial-das-familias-vai-para-paroquia-de-dublin\/\">Continue Reading<\/a><\/p>\n","protected":false},"author":2,"featured_media":64013,"comment_status":"open","ping_status":"open","sticky":false,"template":"","format":"standard","meta":{"footnotes":""},"categories":[5],"tags":[],"class_list":["post-64012","post","type-post","status-publish","format-standard","has-post-thumbnail","hentry","category-igreja_no_mundo"],"_links":{"self":[{"href":"https:\/\/portalcatolico.net\/portal\/wp-json\/wp\/v2\/posts\/64012","targetHints":{"allow":["GET"]}}],"collection":[{"href":"https:\/\/portalcatolico.net\/portal\/wp-json\/wp\/v2\/posts"}],"about":[{"href":"https:\/\/portalcatolico.net\/portal\/wp-json\/wp\/v2\/types\/post"}],"author":[{"embeddable":true,"href":"https:\/\/portalcatolico.net\/portal\/wp-json\/wp\/v2\/users\/2"}],"replies":[{"embeddable":true,"href":"https:\/\/portalcatolico.net\/portal\/wp-json\/wp\/v2\/comments?post=64012"}],"version-history":[{"count":1,"href":"https:\/\/portalcatolico.net\/portal\/wp-json\/wp\/v2\/posts\/64012\/revisions"}],"predecessor-version":[{"id":64014,"href":"https:\/\/portalcatolico.net\/portal\/wp-json\/wp\/v2\/posts\/64012\/revisions\/64014"}],"wp:featuredmedia":[{"embeddable":true,"href":"https:\/\/portalcatolico.net\/portal\/wp-json\/wp\/v2\/media\/64013"}],"wp:attachment":[{"href":"https:\/\/portalcatolico.net\/portal\/wp-json\/wp\/v2\/media?parent=64012"}],"wp:term":[{"taxonomy":"category","embeddable":true,"href":"https:\/\/portalcatolico.net\/portal\/wp-json\/wp\/v2\/categories?post=64012"},{"taxonomy":"post_tag","embeddable":true,"href":"https:\/\/portalcatolico.net\/portal\/wp-json\/wp\/v2\/tags?post=64012"}],"curies":[{"name":"wp","href":"https:\/\/api.w.org\/{rel}","templated":true}]}}