{"id":64003,"date":"2019-04-09T20:51:47","date_gmt":"2019-04-09T23:51:47","guid":{"rendered":"http:\/\/portalcatolico.net\/portal\/?p=64003"},"modified":"2019-04-09T20:51:47","modified_gmt":"2019-04-09T23:51:47","slug":"procissao-do-encontro-prepara-fieis-para-a-semana-santa","status":"publish","type":"post","link":"https:\/\/portalcatolico.net\/portal\/procissao-do-encontro-prepara-fieis-para-a-semana-santa\/","title":{"rendered":"Prociss\u00e3o do Encontro prepara fi\u00e9is para a Semana Santa"},"content":{"rendered":"<p>A tradicional Prociss\u00e3o do Encontro, que faz mem\u00f3ria ao momento em que Jesus se encontrou com Nossa Senhora, Sua M\u00e3e, no caminho para o calv\u00e1rio, ser\u00e1 realizada nesta sexta-feira, dia 12 de abril, pelos paroquianos da Par\u00f3quia Santo Ant\u00f4nio Al\u00e9m do Carmo e pela Vener\u00e1vel Ordem Terceira de Nossa Senhora da Concei\u00e7\u00e3o do Boqueir\u00e3o. Antes, em prepara\u00e7\u00e3o a este dia, ser\u00e1 realizado o tr\u00edduo, de 9 a 11 de abril, sempre \u00e0s 19h, na Igreja do Boqueir\u00e3o.<\/p>\n<p>A emocionante Prociss\u00e3o do Encontro, no dia 12 de abril, ter\u00e1 in\u00edcio \u00e0s 16h, com Missa campal no Largo dos 15 Mist\u00e9rios. Logo ap\u00f3s a Celebra\u00e7\u00e3o Eucar\u00edstica, por volta das 17h, com f\u00e9 e devo\u00e7\u00e3o, os fi\u00e9is conduzir\u00e3o em andores as imagens de Nossa Senhora das Dores, que sair\u00e1 do Largo dos 15 Mist\u00e9rios, e a do Senhor Bom Jesus dos Passos, que partir\u00e1 da Igreja do Boqueir\u00e3o. Ambas ser\u00e3o levadas por diferentes ruas at\u00e9 o Largo de Santo Ant\u00f4nio, onde se encontr\u00e3o.<\/p>\n<p>Foto:Divulga\u00e7\u00e3o<\/p>\n<p>Texto: Sara Gomes\/Arquidiocese de Salvador (BA)<\/p>\n","protected":false},"excerpt":{"rendered":"<p>A tradicional Prociss\u00e3o do Encontro, que faz mem\u00f3ria ao momento em que Jesus se encontrou com Nossa Senhora, Sua M\u00e3e, no caminho para o calv\u00e1rio, ser\u00e1 realizada nesta sexta-feira, dia 12 de abril, pelos paroquianos da Par\u00f3quia Santo Ant\u00f4nio Al\u00e9m do Carmo e pela Vener\u00e1vel Ordem Terceira de Nossa Senhora da Concei\u00e7\u00e3o do Boqueir\u00e3o. Antes,&nbsp;<\/p>\n<p><a class=\"btn btn-style\" href=\"https:\/\/portalcatolico.net\/portal\/procissao-do-encontro-prepara-fieis-para-a-semana-santa\/\">Continue Reading<\/a><\/p>\n","protected":false},"author":2,"featured_media":64004,"comment_status":"open","ping_status":"open","sticky":false,"template":"","format":"standard","meta":{"footnotes":""},"categories":[1],"tags":[],"class_list":["post-64003","post","type-post","status-publish","format-standard","has-post-thumbnail","hentry","category-agenda"],"_links":{"self":[{"href":"https:\/\/portalcatolico.net\/portal\/wp-json\/wp\/v2\/posts\/64003","targetHints":{"allow":["GET"]}}],"collection":[{"href":"https:\/\/portalcatolico.net\/portal\/wp-json\/wp\/v2\/posts"}],"about":[{"href":"https:\/\/portalcatolico.net\/portal\/wp-json\/wp\/v2\/types\/post"}],"author":[{"embeddable":true,"href":"https:\/\/portalcatolico.net\/portal\/wp-json\/wp\/v2\/users\/2"}],"replies":[{"embeddable":true,"href":"https:\/\/portalcatolico.net\/portal\/wp-json\/wp\/v2\/comments?post=64003"}],"version-history":[{"count":1,"href":"https:\/\/portalcatolico.net\/portal\/wp-json\/wp\/v2\/posts\/64003\/revisions"}],"predecessor-version":[{"id":64005,"href":"https:\/\/portalcatolico.net\/portal\/wp-json\/wp\/v2\/posts\/64003\/revisions\/64005"}],"wp:featuredmedia":[{"embeddable":true,"href":"https:\/\/portalcatolico.net\/portal\/wp-json\/wp\/v2\/media\/64004"}],"wp:attachment":[{"href":"https:\/\/portalcatolico.net\/portal\/wp-json\/wp\/v2\/media?parent=64003"}],"wp:term":[{"taxonomy":"category","embeddable":true,"href":"https:\/\/portalcatolico.net\/portal\/wp-json\/wp\/v2\/categories?post=64003"},{"taxonomy":"post_tag","embeddable":true,"href":"https:\/\/portalcatolico.net\/portal\/wp-json\/wp\/v2\/tags?post=64003"}],"curies":[{"name":"wp","href":"https:\/\/api.w.org\/{rel}","templated":true}]}}