{"id":63894,"date":"2019-04-01T06:03:37","date_gmt":"2019-04-01T09:03:37","guid":{"rendered":"http:\/\/portalcatolico.net\/portal\/?p=63894"},"modified":"2019-04-01T06:03:37","modified_gmt":"2019-04-01T09:03:37","slug":"movimento-das-equipes-de-nossa-senhora-promove-o-pos-eacre-em-itabuna","status":"publish","type":"post","link":"https:\/\/portalcatolico.net\/portal\/movimento-das-equipes-de-nossa-senhora-promove-o-pos-eacre-em-itabuna\/","title":{"rendered":"Movimento das Equipes de Nossa Senhora promove o P\u00f3s EACRE em Itabuna"},"content":{"rendered":"<div dir=\"auto\">Com o tema para 2019: &#8220;Reconcilia\u00e7\u00e3o Sinal de Amor&#8221;, o Movimento&nbsp;das Equipes de Nossa Senhora da Diocese de Itabuna (BA) promoveu no \u00faltimo domingo (31\/03), o P\u00f3s-encontro anual de casais respons\u00e1veis&nbsp;de equipes (EACRE).&nbsp;<\/div>\n<div dir=\"auto\">O evento aconteceu no Col\u00e9gio S\u00e3o Jos\u00e9 da A\u00e7\u00e3o Fraternal de Itabuna, que fica situado na Avenida Am\u00e9lia Amado, no centro da cidade.<\/div>\n<div dir=\"auto\">Na oportunidade, teve celebra\u00e7\u00e3o da santa missa, presidida pelo Pe. Gilmar Oliveira, \u00e0s 16h. O sacerdote \u00e9 p\u00e1roco da Par\u00f3quia Nossa Senhora das Vit\u00f3rias em Itabuna.<\/div>\n<div dir=\"auto\">A equipe de Nossa Senhora (ENS) \u00e9 composta por 147 casais em toda&nbsp;a Diocese. Ao todo, s\u00e3o 21&nbsp;equipes, totalizando 294 equipistas.&nbsp;<\/div>\n<div dir=\"auto\">\u00c0s 8h, teve a entroniza\u00e7\u00e3o da imagem de Nossa Senhora. O momento foi composto de anima\u00e7\u00e3o e orienta\u00e7\u00e3o para o ano de 2019.<\/div>\n<div dir=\"auto\">Durante o dia, os participantes participaram de palestras com o Di\u00e1cono Permanente, Erisvaldo Jos\u00e9 da Silva.<\/div>\n<div dir=\"auto\">Vale ressaltar que a equipe de Nossa Senhora tem como&nbsp;assessores eclesi\u00e1sticos.&nbsp; os padres: Gilvan Oliveira e Telmo Soares.<\/div>\n<div dir=\"auto\"><img loading=\"lazy\" decoding=\"async\" class=\"alignnone size-medium wp-image-63896\" src=\"http:\/\/portalcatolico.net\/portal\/wp-content\/uploads\/2019\/04\/sem-t\u00edtulo-86-300x225.jpg\" alt=\"\" width=\"300\" height=\"225\" srcset=\"https:\/\/portalcatolico.net\/portal\/wp-content\/uploads\/2019\/04\/sem-t\u00edtulo-86-300x225.jpg 300w, https:\/\/portalcatolico.net\/portal\/wp-content\/uploads\/2019\/04\/sem-t\u00edtulo-86-768x576.jpg 768w, https:\/\/portalcatolico.net\/portal\/wp-content\/uploads\/2019\/04\/sem-t\u00edtulo-86-1024x768.jpg 1024w, https:\/\/portalcatolico.net\/portal\/wp-content\/uploads\/2019\/04\/sem-t\u00edtulo-86.jpg 2000w\" sizes=\"auto, (max-width: 300px) 100vw, 300px\" \/> <img loading=\"lazy\" decoding=\"async\" class=\"alignnone size-medium wp-image-63897\" src=\"http:\/\/portalcatolico.net\/portal\/wp-content\/uploads\/2019\/04\/sem-t\u00edtulo-76-300x225.jpg\" alt=\"\" width=\"300\" height=\"225\" srcset=\"https:\/\/portalcatolico.net\/portal\/wp-content\/uploads\/2019\/04\/sem-t\u00edtulo-76-300x225.jpg 300w, https:\/\/portalcatolico.net\/portal\/wp-content\/uploads\/2019\/04\/sem-t\u00edtulo-76-768x576.jpg 768w, https:\/\/portalcatolico.net\/portal\/wp-content\/uploads\/2019\/04\/sem-t\u00edtulo-76-1024x768.jpg 1024w, https:\/\/portalcatolico.net\/portal\/wp-content\/uploads\/2019\/04\/sem-t\u00edtulo-76.jpg 2000w\" sizes=\"auto, (max-width: 300px) 100vw, 300px\" \/> <img loading=\"lazy\" decoding=\"async\" class=\"alignnone size-medium wp-image-63898\" src=\"http:\/\/portalcatolico.net\/portal\/wp-content\/uploads\/2019\/04\/sem-t\u00edtulo-70-300x225.jpg\" alt=\"\" width=\"300\" height=\"225\" srcset=\"https:\/\/portalcatolico.net\/portal\/wp-content\/uploads\/2019\/04\/sem-t\u00edtulo-70-300x225.jpg 300w, https:\/\/portalcatolico.net\/portal\/wp-content\/uploads\/2019\/04\/sem-t\u00edtulo-70-768x576.jpg 768w, https:\/\/portalcatolico.net\/portal\/wp-content\/uploads\/2019\/04\/sem-t\u00edtulo-70-1024x768.jpg 1024w, https:\/\/portalcatolico.net\/portal\/wp-content\/uploads\/2019\/04\/sem-t\u00edtulo-70.jpg 2000w\" sizes=\"auto, (max-width: 300px) 100vw, 300px\" \/> <img loading=\"lazy\" decoding=\"async\" class=\"alignnone size-medium wp-image-63899\" src=\"http:\/\/portalcatolico.net\/portal\/wp-content\/uploads\/2019\/04\/sem-t\u00edtulo-73-300x225.jpg\" alt=\"\" width=\"300\" height=\"225\" srcset=\"https:\/\/portalcatolico.net\/portal\/wp-content\/uploads\/2019\/04\/sem-t\u00edtulo-73-300x225.jpg 300w, https:\/\/portalcatolico.net\/portal\/wp-content\/uploads\/2019\/04\/sem-t\u00edtulo-73-768x576.jpg 768w, https:\/\/portalcatolico.net\/portal\/wp-content\/uploads\/2019\/04\/sem-t\u00edtulo-73-1024x768.jpg 1024w, https:\/\/portalcatolico.net\/portal\/wp-content\/uploads\/2019\/04\/sem-t\u00edtulo-73.jpg 2000w\" sizes=\"auto, (max-width: 300px) 100vw, 300px\" \/><\/div>\n","protected":false},"excerpt":{"rendered":"<p>Com o tema para 2019: &#8220;Reconcilia\u00e7\u00e3o Sinal de Amor&#8221;, o Movimento&nbsp;das Equipes de Nossa Senhora da Diocese de Itabuna (BA) promoveu no \u00faltimo domingo (31\/03), o P\u00f3s-encontro anual de casais respons\u00e1veis&nbsp;de equipes (EACRE).&nbsp; O evento aconteceu no Col\u00e9gio S\u00e3o Jos\u00e9 da A\u00e7\u00e3o Fraternal de Itabuna, que fica situado na Avenida Am\u00e9lia Amado, no centro da&nbsp;<\/p>\n<p><a class=\"btn btn-style\" href=\"https:\/\/portalcatolico.net\/portal\/movimento-das-equipes-de-nossa-senhora-promove-o-pos-eacre-em-itabuna\/\">Continue Reading<\/a><\/p>\n","protected":false},"author":2,"featured_media":63895,"comment_status":"open","ping_status":"open","sticky":false,"template":"","format":"standard","meta":{"footnotes":""},"categories":[2],"tags":[],"class_list":["post-63894","post","type-post","status-publish","format-standard","has-post-thumbnail","hentry","category-eventos"],"_links":{"self":[{"href":"https:\/\/portalcatolico.net\/portal\/wp-json\/wp\/v2\/posts\/63894","targetHints":{"allow":["GET"]}}],"collection":[{"href":"https:\/\/portalcatolico.net\/portal\/wp-json\/wp\/v2\/posts"}],"about":[{"href":"https:\/\/portalcatolico.net\/portal\/wp-json\/wp\/v2\/types\/post"}],"author":[{"embeddable":true,"href":"https:\/\/portalcatolico.net\/portal\/wp-json\/wp\/v2\/users\/2"}],"replies":[{"embeddable":true,"href":"https:\/\/portalcatolico.net\/portal\/wp-json\/wp\/v2\/comments?post=63894"}],"version-history":[{"count":1,"href":"https:\/\/portalcatolico.net\/portal\/wp-json\/wp\/v2\/posts\/63894\/revisions"}],"predecessor-version":[{"id":63900,"href":"https:\/\/portalcatolico.net\/portal\/wp-json\/wp\/v2\/posts\/63894\/revisions\/63900"}],"wp:featuredmedia":[{"embeddable":true,"href":"https:\/\/portalcatolico.net\/portal\/wp-json\/wp\/v2\/media\/63895"}],"wp:attachment":[{"href":"https:\/\/portalcatolico.net\/portal\/wp-json\/wp\/v2\/media?parent=63894"}],"wp:term":[{"taxonomy":"category","embeddable":true,"href":"https:\/\/portalcatolico.net\/portal\/wp-json\/wp\/v2\/categories?post=63894"},{"taxonomy":"post_tag","embeddable":true,"href":"https:\/\/portalcatolico.net\/portal\/wp-json\/wp\/v2\/tags?post=63894"}],"curies":[{"name":"wp","href":"https:\/\/api.w.org\/{rel}","templated":true}]}}