{"id":63879,"date":"2019-03-31T21:00:24","date_gmt":"2019-04-01T00:00:24","guid":{"rendered":"http:\/\/portalcatolico.net\/portal\/?p=63879"},"modified":"2019-03-31T21:30:35","modified_gmt":"2019-04-01T00:30:35","slug":"xiv-vigilia-diocesana-acontece-em-itabuna","status":"publish","type":"post","link":"https:\/\/portalcatolico.net\/portal\/xiv-vigilia-diocesana-acontece-em-itabuna\/","title":{"rendered":"XIV Vig\u00edlia Diocesana acontece em Itabuna"},"content":{"rendered":"<div dir=\"auto\"><img loading=\"lazy\" decoding=\"async\" class=\"wp-image-63881 aligncenter\" src=\"http:\/\/portalcatolico.net\/portal\/wp-content\/uploads\/2019\/03\/sem-t\u00edtulo-44-300x225.jpg\" alt=\"\" width=\"739\" height=\"554\" srcset=\"https:\/\/portalcatolico.net\/portal\/wp-content\/uploads\/2019\/03\/sem-t\u00edtulo-44-300x225.jpg 300w, https:\/\/portalcatolico.net\/portal\/wp-content\/uploads\/2019\/03\/sem-t\u00edtulo-44-768x576.jpg 768w, https:\/\/portalcatolico.net\/portal\/wp-content\/uploads\/2019\/03\/sem-t\u00edtulo-44-1024x768.jpg 1024w, https:\/\/portalcatolico.net\/portal\/wp-content\/uploads\/2019\/03\/sem-t\u00edtulo-44.jpg 2000w\" sizes=\"auto, (max-width: 739px) 100vw, 739px\" \/><\/div>\n<div dir=\"auto\">O setor Juventude e a Diocese de Itabuna, no sul da Bahia, realizaram a 14\u00aa Vig\u00edlia Diocesana Jovem, no \u00faltimo&nbsp;s\u00e1bado, 30 de mar\u00e7o, na par\u00f3quia Nossa Senhora da Concei\u00e7\u00e3o, situada no bairro Ferradas em Itabuna (BA).&nbsp;<\/div>\n<div dir=\"auto\">A vig\u00edlia teve inicio \u00e0s 19h, com a concentra\u00e7\u00e3o&nbsp; na Comunidade S\u00e3o Paulo&nbsp;da Cruz, que fica situada no bairro Ferradas. A juventude fez uma bel\u00edssima&nbsp;caminhada de aproximadamente tr\u00eas quil\u00f4metros at\u00e9 a igreja matriz, cantando louvores,fazendo ora\u00e7\u00f5es e via sacra pelas ruas dos bairros.&nbsp;<\/div>\n<div dir=\"auto\">O tema&nbsp; para este ano foi: &#8220;Seduziste-me Senhor, e eu me deixei seduzir &#8220;(JR 20,7)&#8221;.<\/div>\n<div dir=\"auto\">A Vig\u00edlia campal&nbsp; ficou completamente lotada de jovens pertencentes \u00e0s par\u00f3quias de Itabuna e cidades circunvizinhas.<\/div>\n<div dir=\"auto\">Aproximadamente mil jovens das faronias Centro, Norte e Sul, estavam presentes.<\/div>\n<div dir=\"auto\">Um dos palestrantes foi o prefeito da cidade de Coaraci, Jadson Albano, e o politico cat\u00f3lico que prestigiou&nbsp; o evento foi o Vereador de Itabuna, Anderson Guinho, que \u00e9 membro de v\u00e1rios movimentos da Igreja Cat\u00f3lica da Diocese de Itabuna,&nbsp; como por exemplo: Escalada, EJC, entre outros.<\/div>\n<div dir=\"auto\">O assessor do Setor Juventude da diocese , Pe. Frei Ivanilton Oliveira dos Santos,MsS, iniciou a vig\u00edlia com&nbsp; a presid\u00eancia da santa missa \u00e0s 22h50.<\/div>\n<div dir=\"auto\">A concelebra\u00e7\u00e3o ficou por conta do Di\u00e1cono permanente A\u00edlton Matos e do p\u00e1roco da Igreja matriz, o Pe. Jos\u00e9 Roberto.&nbsp;&nbsp;<\/div>\n<div dir=\"auto\">A XIV Vig\u00edlia Diocesana foi composta de m\u00fasicas, ora\u00e7\u00f5es, reflex\u00f5es, missa,&nbsp; adora\u00e7\u00e3o ao Sant\u00edssimo Sacramento, momentos de louvor, palestras, entre outros momentos de evangeliza\u00e7\u00e3o.&nbsp;<\/div>\n<div dir=\"auto\">Alguns padres da diocese foram disponibilizados para atender confiss\u00f5es da&nbsp;juventude.<\/div>\n<div dir=\"auto\">Na sua homilia, o Pe Jos\u00e9 Roberto falou para a juventude: &#8220;Esta vig\u00edlia \u00e9&nbsp; momento de alegria e de sacrif\u00edcio. \u00c9 bom dizer que n\u00f3s n\u00e3o estamos sozinhos, \u00e9 bom dizer que a igreja n\u00e3o envelheceu. A Igreja tem o rosto de voc\u00eas, \u00e9 alegria de voc\u00eas, tem o entusiasmos de voc\u00eas, precisa ter,&nbsp;no seu interior a energia de voc\u00eas. \u00c9 bom ver que o jovem, reza, canta e ajuda os irm\u00e3os mais pr\u00f3ximos. Nossa juventude vigia com Cristo e quem est\u00e1 com Cristo, Deus ama e quer bem!&#8221;, concluiu o sacerdote.&nbsp;<\/div>\n<div dir=\"auto\">\n<p>A vig\u00edlia finalizou \u00e0s 5h40 deste domingo 31 de mar\u00e7o.<\/p>\n<\/div>\n<div dir=\"auto\">Convite: O setor Juventude&nbsp; da Diocese de Itabuna avisa que no dia 14 de abril, Domingo de Ramos, haver\u00e1 uma caminhada penitencial que sair\u00e1 do Jardim do \u00d3 para a Igreja Santa Rita de C\u00e1ssia no bairro S\u00e3o Caetano, pois \u00e9 o Dia Mundial da&nbsp;<\/div>\n<div dir=\"auto\">Juventude. Participe! Todas as&nbsp; 14 par\u00f3quias da Faronia Centro&nbsp; ir\u00e3o se encontrar nessa festividade.<\/div>\n<div dir=\"auto\">Mais fotos em nossa p\u00e1gina do&nbsp; Facebook.<a href=\"https:\/\/www.facebook.com\/portalcatolicooficial\/\"><strong>Clique aqui<\/strong><\/a><\/div>\n<div dir=\"auto\"><img loading=\"lazy\" decoding=\"async\" class=\"alignnone size-medium wp-image-63888\" src=\"http:\/\/portalcatolico.net\/portal\/wp-content\/uploads\/2019\/03\/sem-t\u00edtulo-47-300x225.jpg\" alt=\"\" width=\"300\" height=\"225\" srcset=\"https:\/\/portalcatolico.net\/portal\/wp-content\/uploads\/2019\/03\/sem-t\u00edtulo-47-300x225.jpg 300w, https:\/\/portalcatolico.net\/portal\/wp-content\/uploads\/2019\/03\/sem-t\u00edtulo-47-768x576.jpg 768w, https:\/\/portalcatolico.net\/portal\/wp-content\/uploads\/2019\/03\/sem-t\u00edtulo-47-1024x768.jpg 1024w, https:\/\/portalcatolico.net\/portal\/wp-content\/uploads\/2019\/03\/sem-t\u00edtulo-47.jpg 2000w\" sizes=\"auto, (max-width: 300px) 100vw, 300px\" \/> <img loading=\"lazy\" decoding=\"async\" class=\"alignnone size-medium wp-image-63889\" src=\"http:\/\/portalcatolico.net\/portal\/wp-content\/uploads\/2019\/03\/sem-t\u00edtulo-55-1-300x225.jpg\" alt=\"\" width=\"300\" height=\"225\" srcset=\"https:\/\/portalcatolico.net\/portal\/wp-content\/uploads\/2019\/03\/sem-t\u00edtulo-55-1-300x225.jpg 300w, https:\/\/portalcatolico.net\/portal\/wp-content\/uploads\/2019\/03\/sem-t\u00edtulo-55-1-768x576.jpg 768w, https:\/\/portalcatolico.net\/portal\/wp-content\/uploads\/2019\/03\/sem-t\u00edtulo-55-1-1024x768.jpg 1024w, https:\/\/portalcatolico.net\/portal\/wp-content\/uploads\/2019\/03\/sem-t\u00edtulo-55-1.jpg 2000w\" sizes=\"auto, (max-width: 300px) 100vw, 300px\" \/> <img loading=\"lazy\" decoding=\"async\" class=\"alignnone size-medium wp-image-63891\" src=\"http:\/\/portalcatolico.net\/portal\/wp-content\/uploads\/2019\/03\/sem-t\u00edtulo-50-300x225.jpg\" alt=\"\" width=\"300\" height=\"225\" srcset=\"https:\/\/portalcatolico.net\/portal\/wp-content\/uploads\/2019\/03\/sem-t\u00edtulo-50-300x225.jpg 300w, https:\/\/portalcatolico.net\/portal\/wp-content\/uploads\/2019\/03\/sem-t\u00edtulo-50-768x576.jpg 768w, https:\/\/portalcatolico.net\/portal\/wp-content\/uploads\/2019\/03\/sem-t\u00edtulo-50-1024x768.jpg 1024w, https:\/\/portalcatolico.net\/portal\/wp-content\/uploads\/2019\/03\/sem-t\u00edtulo-50.jpg 2000w\" sizes=\"auto, (max-width: 300px) 100vw, 300px\" \/><img loading=\"lazy\" decoding=\"async\" class=\"alignnone size-medium wp-image-63890\" src=\"http:\/\/portalcatolico.net\/portal\/wp-content\/uploads\/2019\/03\/sem-t\u00edtulo-41-300x225.jpg\" alt=\"\" width=\"300\" height=\"225\" srcset=\"https:\/\/portalcatolico.net\/portal\/wp-content\/uploads\/2019\/03\/sem-t\u00edtulo-41-300x225.jpg 300w, https:\/\/portalcatolico.net\/portal\/wp-content\/uploads\/2019\/03\/sem-t\u00edtulo-41-768x576.jpg 768w, https:\/\/portalcatolico.net\/portal\/wp-content\/uploads\/2019\/03\/sem-t\u00edtulo-41-1024x768.jpg 1024w, https:\/\/portalcatolico.net\/portal\/wp-content\/uploads\/2019\/03\/sem-t\u00edtulo-41.jpg 2000w\" sizes=\"auto, (max-width: 300px) 100vw, 300px\" \/><\/div>\n","protected":false},"excerpt":{"rendered":"<p>O setor Juventude e a Diocese de Itabuna, no sul da Bahia, realizaram a 14\u00aa Vig\u00edlia Diocesana Jovem, no \u00faltimo&nbsp;s\u00e1bado, 30 de mar\u00e7o, na par\u00f3quia Nossa Senhora da Concei\u00e7\u00e3o, situada no bairro Ferradas em Itabuna (BA).&nbsp; A vig\u00edlia teve inicio \u00e0s 19h, com a concentra\u00e7\u00e3o&nbsp; na Comunidade S\u00e3o Paulo&nbsp;da Cruz, que fica situada no bairro&nbsp;<\/p>\n<p><a class=\"btn btn-style\" href=\"https:\/\/portalcatolico.net\/portal\/xiv-vigilia-diocesana-acontece-em-itabuna\/\">Continue Reading<\/a><\/p>\n","protected":false},"author":2,"featured_media":63880,"comment_status":"open","ping_status":"open","sticky":false,"template":"","format":"standard","meta":{"footnotes":""},"categories":[68],"tags":[],"class_list":["post-63879","post","type-post","status-publish","format-standard","has-post-thumbnail","hentry","category-homilias"],"_links":{"self":[{"href":"https:\/\/portalcatolico.net\/portal\/wp-json\/wp\/v2\/posts\/63879","targetHints":{"allow":["GET"]}}],"collection":[{"href":"https:\/\/portalcatolico.net\/portal\/wp-json\/wp\/v2\/posts"}],"about":[{"href":"https:\/\/portalcatolico.net\/portal\/wp-json\/wp\/v2\/types\/post"}],"author":[{"embeddable":true,"href":"https:\/\/portalcatolico.net\/portal\/wp-json\/wp\/v2\/users\/2"}],"replies":[{"embeddable":true,"href":"https:\/\/portalcatolico.net\/portal\/wp-json\/wp\/v2\/comments?post=63879"}],"version-history":[{"count":6,"href":"https:\/\/portalcatolico.net\/portal\/wp-json\/wp\/v2\/posts\/63879\/revisions"}],"predecessor-version":[{"id":63893,"href":"https:\/\/portalcatolico.net\/portal\/wp-json\/wp\/v2\/posts\/63879\/revisions\/63893"}],"wp:featuredmedia":[{"embeddable":true,"href":"https:\/\/portalcatolico.net\/portal\/wp-json\/wp\/v2\/media\/63880"}],"wp:attachment":[{"href":"https:\/\/portalcatolico.net\/portal\/wp-json\/wp\/v2\/media?parent=63879"}],"wp:term":[{"taxonomy":"category","embeddable":true,"href":"https:\/\/portalcatolico.net\/portal\/wp-json\/wp\/v2\/categories?post=63879"},{"taxonomy":"post_tag","embeddable":true,"href":"https:\/\/portalcatolico.net\/portal\/wp-json\/wp\/v2\/tags?post=63879"}],"curies":[{"name":"wp","href":"https:\/\/api.w.org\/{rel}","templated":true}]}}