{"id":63471,"date":"2019-03-05T00:46:41","date_gmt":"2019-03-05T03:46:41","guid":{"rendered":"http:\/\/portalcatolico.net\/portal\/?p=63471"},"modified":"2019-03-05T13:14:10","modified_gmt":"2019-03-05T16:14:10","slug":"confira-horarios-das-celebracoes-de-quarta-feira-de-cinzas-em-itabuna","status":"publish","type":"post","link":"https:\/\/portalcatolico.net\/portal\/confira-horarios-das-celebracoes-de-quarta-feira-de-cinzas-em-itabuna\/","title":{"rendered":"Confira hor\u00e1rios das celebra\u00e7\u00f5es de Quarta-feira de Cinzas em Itabuna"},"content":{"rendered":"<p><em>No dia 6 de mar\u00e7o, Quarta-feira de Cinzas, a Igreja Cat\u00f3lica celebra a Missa de Quarta-feira de Cinzas, gesto de imposi\u00e7\u00e3o das cinzas como sinal de penit\u00eancia, no sentido de convers\u00e3o que marca o in\u00edcio da Quaresma, per\u00edodo no qual \u00e9 recomendo a pr\u00e1tica da ora\u00e7\u00e3o, penit\u00eancia e jejum, momento de reflex\u00e3o em prepara\u00e7\u00e3o para P\u00e1scoa do Senhor.<\/em><\/p>\n<p><em>Para que voc\u00ea possa participar, n\u00f3s destacamos algumas par\u00f3quias de Itabuna e cidades circunvizinhas. Confira!<\/em><\/p>\n<p><em>&nbsp;<\/em><strong>Catedral Diocesana de S\u00e3o Jos\u00e9<\/strong><\/p>\n<p>Missa \u00e0s 18h, na Igreja Matriz<\/p>\n<p><strong>Par\u00f3quia Nossa Senhora Aparecida<\/strong><\/p>\n<p>Missa, \u00e0s 19h,na Igreja Matriz<\/p>\n<p><strong>Par\u00f3quia Nossa Senhora da Piedade<\/strong><\/p>\n<p>Missa, \u00e0s 19h,na Matriz<\/p>\n<p><strong>Par\u00f3quia Nossa Senhora de F\u00e1tima<\/strong><\/p>\n<p>Missa, \u00e0s 7h e 19h,na Matriz<\/p>\n<p><strong>Par\u00f3quia Nossa Senhora da Concei\u00e7\u00e3o<\/strong><\/p>\n<p>Missa, \u00e0s 19h,na Igreja Matriz<\/p>\n<p><strong>Paroquia S\u00e3o Judas Tadeu<\/strong><\/p>\n<p>Missa, \u00e0s 19h,na&nbsp; Matriz<\/p>\n<p><strong>Par\u00f3quia Santa Rita de C\u00e1ssia<\/strong><\/p>\n<p>Missa, \u00e0s 19h00, na Matriz<\/p>\n<p><strong>Par\u00f3quia nossa Senhora da Concei\u00e7\u00e3o em Ferradas<\/strong><\/p>\n<p>Missa, \u00e0s 19:30h,na Matriz<\/p>\n<p><strong>Par\u00f3quia Senhor Deus Menino em Ibicara\u00ed <\/strong><\/p>\n<p>Missa \u00e0s 06 e 19h, na Matriz<\/p>\n<p>Comunidades:Santa Isabel, \u00e0s 7h<\/p>\n<p>S\u00e3o Jorge, \u00e0s 9h<\/p>\n<p>S\u00e3o Jo\u00e3o Batista dia 09\/03, \u00e1s 18h<\/p>\n<p><strong>Par\u00f3quia Santa Terezinha em Potiragu\u00e1 <\/strong><\/p>\n<p>Comunidade no distrito de Itaimb\u00e9, \u00e1s 17h<\/p>\n<p>Missa, \u00e1s 19:30h,na Igreja Matriz<\/p>\n<p><strong>Par\u00f3quia Senhor do Bonfim em Jussari <\/strong><\/p>\n<p>Comunidade no distrito de Areia Branca, \u00e0s 17h<\/p>\n<p>Missa, \u00e0s 19h,na Matriz<\/p>\n<p><strong>Paroquia Sagrada Cora\u00e7\u00e3o de Jesus em Itaju\u00edpe<\/strong><\/p>\n<p>Missa, \u00e0s 19h,na Matriz<\/p>\n<p><strong>Par\u00f3quia Nossa Senhora da Concei\u00e7\u00e3o em Ubat\u00e3&nbsp;<\/strong><\/p>\n<p>Missa,\u00e1s 19h,na Matriz<\/p>\n<p><strong>Par\u00f3quia Santa Maria Madalena<\/strong><\/p>\n<p>Missa, \u00e0s 19h,na Matriz<\/p>\n<p><strong>Par\u00f3quia Santa Luzia em Pau Brasil<\/strong><\/p>\n<p>Missa, \u00e0s 19h, na Matriz<\/p>\n<p><strong>Par\u00f3quia santa Ant\u00f4nio em Itoror\u00f3 <\/strong><\/p>\n<p>Missa, \u00e0s 19h, na Matriz<\/p>\n<p><strong>Paroquia S\u00e3o Jos\u00e9 em Una<\/strong><\/p>\n<p>7:00h-Comunidades: S\u00e3o Sebasti\u00e3o em Comandatuba<\/p>\n<p>10:00h-Nossa Senhora de F\u00e1tima em Col\u00f4nia de Una<\/p>\n<p>Missa, \u00e0s 19h,na Matriz<\/p>\n<p><strong>Par\u00f3quia S\u00e3o Boaventura de Canavieiras<\/strong><\/p>\n<p>Missa, \u00e0s 7h e \u00e1s 19h,na Matriz<\/p>\n<p>&nbsp;<\/p>\n<p>Foto: Wesley Almeida\/ Can\u00e7\u00e3o Nova<\/p>\n<p>&nbsp;<\/p>\n<p>Mat\u00e9ria e edi\u00e7\u00e3o de texto:Portal Cat\u00f3lico<\/p>\n<p>&nbsp;<\/p>\n<p>&nbsp;<\/p>\n<p>&nbsp;<\/p>\n<p>&nbsp;<\/p>\n<p><em>&nbsp;<\/em><\/p>\n","protected":false},"excerpt":{"rendered":"<p>No dia 6 de mar\u00e7o, Quarta-feira de Cinzas, a Igreja Cat\u00f3lica celebra a Missa de Quarta-feira de Cinzas, gesto de imposi\u00e7\u00e3o das cinzas como sinal de penit\u00eancia, no sentido de convers\u00e3o que marca o in\u00edcio da Quaresma, per\u00edodo no qual \u00e9 recomendo a pr\u00e1tica da ora\u00e7\u00e3o, penit\u00eancia e jejum, momento de reflex\u00e3o em prepara\u00e7\u00e3o para&nbsp;<\/p>\n<p><a class=\"btn btn-style\" href=\"https:\/\/portalcatolico.net\/portal\/confira-horarios-das-celebracoes-de-quarta-feira-de-cinzas-em-itabuna\/\">Continue Reading<\/a><\/p>\n","protected":false},"author":2,"featured_media":63478,"comment_status":"open","ping_status":"open","sticky":false,"template":"","format":"standard","meta":{"footnotes":""},"categories":[4],"tags":[],"class_list":["post-63471","post","type-post","status-publish","format-standard","has-post-thumbnail","hentry","category-destaques"],"_links":{"self":[{"href":"https:\/\/portalcatolico.net\/portal\/wp-json\/wp\/v2\/posts\/63471","targetHints":{"allow":["GET"]}}],"collection":[{"href":"https:\/\/portalcatolico.net\/portal\/wp-json\/wp\/v2\/posts"}],"about":[{"href":"https:\/\/portalcatolico.net\/portal\/wp-json\/wp\/v2\/types\/post"}],"author":[{"embeddable":true,"href":"https:\/\/portalcatolico.net\/portal\/wp-json\/wp\/v2\/users\/2"}],"replies":[{"embeddable":true,"href":"https:\/\/portalcatolico.net\/portal\/wp-json\/wp\/v2\/comments?post=63471"}],"version-history":[{"count":8,"href":"https:\/\/portalcatolico.net\/portal\/wp-json\/wp\/v2\/posts\/63471\/revisions"}],"predecessor-version":[{"id":63484,"href":"https:\/\/portalcatolico.net\/portal\/wp-json\/wp\/v2\/posts\/63471\/revisions\/63484"}],"wp:featuredmedia":[{"embeddable":true,"href":"https:\/\/portalcatolico.net\/portal\/wp-json\/wp\/v2\/media\/63478"}],"wp:attachment":[{"href":"https:\/\/portalcatolico.net\/portal\/wp-json\/wp\/v2\/media?parent=63471"}],"wp:term":[{"taxonomy":"category","embeddable":true,"href":"https:\/\/portalcatolico.net\/portal\/wp-json\/wp\/v2\/categories?post=63471"},{"taxonomy":"post_tag","embeddable":true,"href":"https:\/\/portalcatolico.net\/portal\/wp-json\/wp\/v2\/tags?post=63471"}],"curies":[{"name":"wp","href":"https:\/\/api.w.org\/{rel}","templated":true}]}}