{"id":63467,"date":"2019-03-04T19:22:06","date_gmt":"2019-03-04T22:22:06","guid":{"rendered":"http:\/\/portalcatolico.net\/portal\/?p=63467"},"modified":"2019-03-04T19:22:28","modified_gmt":"2019-03-04T22:22:28","slug":"saj-sedia-encontro-regional-das-congregacoes-marianas-do-nordeste-tribuna-ouve-joselito-conceicao","status":"publish","type":"post","link":"https:\/\/portalcatolico.net\/portal\/saj-sedia-encontro-regional-das-congregacoes-marianas-do-nordeste-tribuna-ouve-joselito-conceicao\/","title":{"rendered":"SAJ sedia Encontro Regional das Congrega\u00e7\u00f5es Marianas do Nordeste; Tribuna ouve Joselito Concei\u00e7\u00e3o"},"content":{"rendered":"<p><img loading=\"lazy\" decoding=\"async\" class=\"size-medium wp-image-63469 alignleft\" src=\"http:\/\/portalcatolico.net\/portal\/wp-content\/uploads\/2019\/03\/enc-congrega\u00e7\u00e3o-mariana-300x169.jpg\" alt=\"\" width=\"300\" height=\"169\" srcset=\"https:\/\/portalcatolico.net\/portal\/wp-content\/uploads\/2019\/03\/enc-congrega\u00e7\u00e3o-mariana-300x169.jpg 300w, https:\/\/portalcatolico.net\/portal\/wp-content\/uploads\/2019\/03\/enc-congrega\u00e7\u00e3o-mariana.jpg 615w\" sizes=\"auto, (max-width: 300px) 100vw, 300px\" \/>Com o tema \u201cCongregados Marianos, Batizados, Consagrados e Enviados em Miss\u00e3o no Mundo\u201d, aconteceu em Santo Ant\u00f4nio de Jesus (BA), de 2 a 4 de mar\u00e7o, o Encontro Regional das Congrega\u00e7\u00f5es Marianas do Nordeste.<\/p>\n<p>Al\u00e9m de Santo Ant\u00f4nio de Jesus, o encontro contou com a participa\u00e7\u00e3o de congregados marianos das cidades de Serrinha, Cacul\u00e9, Maca\u00fabas, Salvador, S\u00e3o Miguel das Matas, Varzedo, Caitit\u00e9 e Itabuna na Bahia, Rio de Janeiro (RJ), Macei\u00f3 e algumas cidades do estado de Alagoas. O evento foi realizado na sede da Congrega\u00e7\u00e3o, localizada na Rua dos Correios.<\/p>\n<p>Em entrevista ao Tribuna do Rec\u00f4ncavo, o coordenador regional das Congrega\u00e7\u00f5es Marianas nos estados da Bahia e Sergipe, o di\u00e1cono permanente Joselito Concei\u00e7\u00e3o, contou que o Encontro Regional acontece de dois em dois anos, e tem como finalidade avaliar a caminhada dos congregados e projetar a\u00e7\u00f5es para os pr\u00f3ximos anos. \u201cO prop\u00f3sito dessa reuni\u00e3o aqui em Santo Ant\u00f4nio de Jesus \u00e9 o reavivamento e o reflorescimento das congrega\u00e7\u00f5es do Nordeste\u201d, disse.<\/p>\n<p>Ainda de acordo com Joselito, a Congrega\u00e7\u00e3o Mariana tem a preocupa\u00e7\u00e3o mundial de est\u00e1 formando os seus congregados, porque o trabalho principal deles \u00e9 est\u00e1 inserido nas pastorais e minist\u00e9rios da Igreja. A Congrega\u00e7\u00e3o Mariana tem tr\u00eas setores: crian\u00e7as, jovens e adultos.<\/p>\n<p>Para a pessoa ser um congregado mariano \u00e9 necess\u00e1rio ser cat\u00f3lico praticante, ter uma vida eucar\u00edstica e devo\u00e7\u00e3o a Nossa Senhora. Na Diocese de Amargosa a Congrega\u00e7\u00e3o Mariana est\u00e1 implantada nas Par\u00f3quias Santo Ant\u00f4nio e S\u00e3o Jos\u00e9 do Andai\u00e1 em Santo Ant\u00f4nio de Jesus, S\u00e3o Miguel Arcanjo em S\u00e3o Miguel das Matas e Varzedo.<\/p>\n<p>Texto e fotos: H\u00e9lio Alves\/ Tribuna do Rec\u00f4ncavo<\/p>\n<p>&nbsp;<\/p>\n","protected":false},"excerpt":{"rendered":"<p>Com o tema \u201cCongregados Marianos, Batizados, Consagrados e Enviados em Miss\u00e3o no Mundo\u201d, aconteceu em Santo Ant\u00f4nio de Jesus (BA), de 2 a 4 de mar\u00e7o, o Encontro Regional das Congrega\u00e7\u00f5es Marianas do Nordeste. Al\u00e9m de Santo Ant\u00f4nio de Jesus, o encontro contou com a participa\u00e7\u00e3o de congregados marianos das cidades de Serrinha, Cacul\u00e9, Maca\u00fabas,&nbsp;<\/p>\n<p><a class=\"btn btn-style\" href=\"https:\/\/portalcatolico.net\/portal\/saj-sedia-encontro-regional-das-congregacoes-marianas-do-nordeste-tribuna-ouve-joselito-conceicao\/\">Continue Reading<\/a><\/p>\n","protected":false},"author":2,"featured_media":63468,"comment_status":"open","ping_status":"open","sticky":false,"template":"","format":"standard","meta":{"footnotes":""},"categories":[65],"tags":[],"class_list":["post-63467","post","type-post","status-publish","format-standard","has-post-thumbnail","hentry","category-entrevistas"],"_links":{"self":[{"href":"https:\/\/portalcatolico.net\/portal\/wp-json\/wp\/v2\/posts\/63467","targetHints":{"allow":["GET"]}}],"collection":[{"href":"https:\/\/portalcatolico.net\/portal\/wp-json\/wp\/v2\/posts"}],"about":[{"href":"https:\/\/portalcatolico.net\/portal\/wp-json\/wp\/v2\/types\/post"}],"author":[{"embeddable":true,"href":"https:\/\/portalcatolico.net\/portal\/wp-json\/wp\/v2\/users\/2"}],"replies":[{"embeddable":true,"href":"https:\/\/portalcatolico.net\/portal\/wp-json\/wp\/v2\/comments?post=63467"}],"version-history":[{"count":1,"href":"https:\/\/portalcatolico.net\/portal\/wp-json\/wp\/v2\/posts\/63467\/revisions"}],"predecessor-version":[{"id":63470,"href":"https:\/\/portalcatolico.net\/portal\/wp-json\/wp\/v2\/posts\/63467\/revisions\/63470"}],"wp:featuredmedia":[{"embeddable":true,"href":"https:\/\/portalcatolico.net\/portal\/wp-json\/wp\/v2\/media\/63468"}],"wp:attachment":[{"href":"https:\/\/portalcatolico.net\/portal\/wp-json\/wp\/v2\/media?parent=63467"}],"wp:term":[{"taxonomy":"category","embeddable":true,"href":"https:\/\/portalcatolico.net\/portal\/wp-json\/wp\/v2\/categories?post=63467"},{"taxonomy":"post_tag","embeddable":true,"href":"https:\/\/portalcatolico.net\/portal\/wp-json\/wp\/v2\/tags?post=63467"}],"curies":[{"name":"wp","href":"https:\/\/api.w.org\/{rel}","templated":true}]}}