{"id":63464,"date":"2019-03-04T19:01:34","date_gmt":"2019-03-04T22:01:34","guid":{"rendered":"http:\/\/portalcatolico.net\/portal\/?p=63464"},"modified":"2019-03-04T19:01:34","modified_gmt":"2019-03-04T22:01:34","slug":"cnbb-lanca-campanha-da-fraternidade-2019-em-brasilia-df","status":"publish","type":"post","link":"https:\/\/portalcatolico.net\/portal\/cnbb-lanca-campanha-da-fraternidade-2019-em-brasilia-df\/","title":{"rendered":"CNBB lan\u00e7a Campanha da Fraternidade 2019 em Bras\u00edlia (DF)"},"content":{"rendered":"<p>A Confer\u00eancia Nacional dos Bispos do Brasil (CNBB) abre oficialmente na quarta-feira de cinzas, 6\/3, a Campanha da Fraternidade (CF) 2019 com o tema&nbsp;<strong>\u201cFraternidade e Pol\u00edticas P\u00fablicas\u201d&nbsp;<\/strong>e o lema<strong>&nbsp;\u201cSer\u00e1s libertado pelo direito e pela justi\u00e7a\u201d (Is 1,27).<\/strong>&nbsp;O lan\u00e7amento acontecer\u00e1 na sede provis\u00f3ria da entidade em Bras\u00edlia (DF).<\/p>\n<p>Nesta Campanha, a ser desenvolvida mais intensamente no per\u00edodo da Quaresma, a Igreja Cat\u00f3lica buscar\u00e1 chamar a aten\u00e7\u00e3o dos crist\u00e3os para o tema das pol\u00edticas p\u00fablicas, a\u00e7\u00f5es e programas desenvolvidos pelo Estado para garantir e colocar em pr\u00e1tica direitos que s\u00e3o previstos na Constitui\u00e7\u00e3o Federal e em outras leis. Al\u00e9m disso, a<\/p>\n<p>Nesta CF 2019, a Igreja no Brasil pretende estimular a participa\u00e7\u00e3o dos crist\u00e3os em pol\u00edticas p\u00fablicas, \u00e0 luz da Palavra de Deus e da Doutrina Social da Igreja para fortalecer a cidadania e o bem comum, sinais da fraternidade.&nbsp; O texto-base da campanha, que ser\u00e1 distribu\u00eddo aos jornalistas na abertura, descreve, entre outros t\u00f3picos, sobre o ciclo e etapas de uma pol\u00edtica p\u00fablica e faz a distin\u00e7\u00e3o entre as pol\u00edticas de governo e as pol\u00edticas de Estado, bem como apresenta os canais de participa\u00e7\u00e3o social, como os conselhos previstos na Constitui\u00e7\u00e3o Federal de 1988.<\/p>\n<p>Todos os anos, a CNBB apresenta a CF como caminho de convers\u00e3o quaresmal. \u00c9 uma atividade ampla de evangeliza\u00e7\u00e3o que pretende ajudar os crist\u00e3os e pessoas de boa vontade a vivenciarem a fraternidade em compromissos concretos, provocando, ao mesmo tempo, a renova\u00e7\u00e3o da vida da Igreja e a transforma\u00e7\u00e3o da sociedade, a partir de temas espec\u00edficos. Em 2019, a Confer\u00eancia convida todos a percorrer o caminho da participa\u00e7\u00e3o na formula\u00e7\u00e3o, avalia\u00e7\u00e3o e controle social das pol\u00edticas p\u00fablicas em todos os n\u00edveis como forma de melhorar a qualidade dos servi\u00e7os prestados ao povo brasileiro.<\/p>\n<p><strong><u>SERVI\u00c7O:<\/u><\/strong><\/p>\n<p><strong>Lan\u00e7amento Campanha da Fraternidade 2019<br \/>\nPresen\u00e7as<\/strong>: Cardeal Sergio da Rocha, presidente da CNBB; dom Leonardo Steiner, secret\u00e1rio-geral da CNBB; Raquel Dodge, procuradora-geral da Rep\u00fablica; V\u00e2nia L\u00facia Ferreira Leite, membro da Pastoral da Crian\u00e7a e do Conselho Nacional de Sa\u00fade; Gilberto Vieira dos Santos, secret\u00e1rio adjunto do Conselho Indigenista Mission\u00e1rio; e doutor Geniberto Paiva Campos, m\u00e9dico cardiologista.<br \/>\n<strong>Data:<\/strong>&nbsp;6 de mar\u00e7o \u2013&nbsp;<strong>Hora<\/strong>: 10h<br \/>\n<strong>Local:<\/strong>&nbsp;<u>Sede provis\u00f3ria<\/u>&nbsp;da CNBB \u2013 SGAN 905, Bloco C \u2013 ASA NORTE \u2013 Bras\u00edlia-DF \u2013 Indica\u00e7\u00e3o: Em frente ao aut\u00f3dromo (kart Ferrari), ao lado do Col\u00e9gio Militar.<br \/>\n<strong>Contato:<\/strong>&nbsp;Assessoria de Imprensa: Padre Rafael Vieira \u2013 Assessor de Imprensa. Jornalistas: Bruno Feittosa, Larissa Carvalho, Luiz Lopes e Willian Bonfim<br \/>\n<strong>Fone:&nbsp;<\/strong>061 2103 8300<br \/>\n<strong>E-mail:<\/strong>&nbsp;<a href=\"mailto:imprensa@cnbb.org.br\">imprensa@cnbb.org.br<\/a><\/p>\n<p><strong>TRANSMISS\u00c3O:<\/strong><\/p>\n<p>O lan\u00e7amento ser\u00e1 transmitido ao vivo pela Rede Vida de Televis\u00e3o, Rede Nazar\u00e9 de Televis\u00e3o e Rede S\u00e9culo 21. Na TV Horizonte os telespectadores poder\u00e3o acompanhar a solenidade \u00e0s 22h; na TV Imaculada \u00e0s 18h45 e na TV Evangelizar \u00e0s 13h.<\/p>\n<p>Fonte:CNBB<\/p>\n<p>&nbsp;<\/p>\n","protected":false},"excerpt":{"rendered":"<p>A Confer\u00eancia Nacional dos Bispos do Brasil (CNBB) abre oficialmente na quarta-feira de cinzas, 6\/3, a Campanha da Fraternidade (CF) 2019 com o tema&nbsp;\u201cFraternidade e Pol\u00edticas P\u00fablicas\u201d&nbsp;e o lema&nbsp;\u201cSer\u00e1s libertado pelo direito e pela justi\u00e7a\u201d (Is 1,27).&nbsp;O lan\u00e7amento acontecer\u00e1 na sede provis\u00f3ria da entidade em Bras\u00edlia (DF). Nesta Campanha, a ser desenvolvida mais intensamente no&nbsp;<\/p>\n<p><a class=\"btn btn-style\" href=\"https:\/\/portalcatolico.net\/portal\/cnbb-lanca-campanha-da-fraternidade-2019-em-brasilia-df\/\">Continue Reading<\/a><\/p>\n","protected":false},"author":2,"featured_media":63465,"comment_status":"open","ping_status":"open","sticky":false,"template":"","format":"standard","meta":{"footnotes":""},"categories":[65],"tags":[],"class_list":["post-63464","post","type-post","status-publish","format-standard","has-post-thumbnail","hentry","category-entrevistas"],"_links":{"self":[{"href":"https:\/\/portalcatolico.net\/portal\/wp-json\/wp\/v2\/posts\/63464","targetHints":{"allow":["GET"]}}],"collection":[{"href":"https:\/\/portalcatolico.net\/portal\/wp-json\/wp\/v2\/posts"}],"about":[{"href":"https:\/\/portalcatolico.net\/portal\/wp-json\/wp\/v2\/types\/post"}],"author":[{"embeddable":true,"href":"https:\/\/portalcatolico.net\/portal\/wp-json\/wp\/v2\/users\/2"}],"replies":[{"embeddable":true,"href":"https:\/\/portalcatolico.net\/portal\/wp-json\/wp\/v2\/comments?post=63464"}],"version-history":[{"count":1,"href":"https:\/\/portalcatolico.net\/portal\/wp-json\/wp\/v2\/posts\/63464\/revisions"}],"predecessor-version":[{"id":63466,"href":"https:\/\/portalcatolico.net\/portal\/wp-json\/wp\/v2\/posts\/63464\/revisions\/63466"}],"wp:featuredmedia":[{"embeddable":true,"href":"https:\/\/portalcatolico.net\/portal\/wp-json\/wp\/v2\/media\/63465"}],"wp:attachment":[{"href":"https:\/\/portalcatolico.net\/portal\/wp-json\/wp\/v2\/media?parent=63464"}],"wp:term":[{"taxonomy":"category","embeddable":true,"href":"https:\/\/portalcatolico.net\/portal\/wp-json\/wp\/v2\/categories?post=63464"},{"taxonomy":"post_tag","embeddable":true,"href":"https:\/\/portalcatolico.net\/portal\/wp-json\/wp\/v2\/tags?post=63464"}],"curies":[{"name":"wp","href":"https:\/\/api.w.org\/{rel}","templated":true}]}}