{"id":63274,"date":"2019-02-18T21:41:58","date_gmt":"2019-02-19T00:41:58","guid":{"rendered":"http:\/\/portalcatolico.net\/portal\/?p=63274"},"modified":"2019-02-18T21:42:15","modified_gmt":"2019-02-19T00:42:15","slug":"papa-retira-sancoes-canonicas-a-pe-cardenal-sacerdote-nicaraguense","status":"publish","type":"post","link":"https:\/\/portalcatolico.net\/portal\/papa-retira-sancoes-canonicas-a-pe-cardenal-sacerdote-nicaraguense\/","title":{"rendered":"Papa retira san\u00e7\u00f5es can\u00f4nicas a Pe. Cardenal, sacerdote nicaraguense"},"content":{"rendered":"<div class=\"article__subTitle\">Francisco concede plena reintegra\u00e7\u00e3o ao padre nicaraguense Ernesto Cardenal, suspenso a divinis mais de 30 anos atr\u00e1s devido sua milit\u00e2ncia pol\u00edtica, tendo depois abandonado toda atividade nesse sentido. Acolhendo ao pedido do mesmo, o Papa concede ao sacerdote de 94 anos plena reintegra\u00e7\u00e3o a fim de que possa viver este momento da sua vida em paz com o Senhor e com a Igreja<\/div>\n<div class=\"article__text\">\n<p>O Papa Francisco concedeu \u201ccom benevol\u00eancia\u201d a absolvi\u00e7\u00e3o de \u201ctodas as censuras can\u00f4nicas\u201d impostas a Pe. Ernesto Cardenal, o sacerdote nicaraguense hoje com 94 anos suspenso&nbsp;<i>a divins<\/i>&nbsp;em 30 de janeiro de 1985.<\/p>\n<p>\u00c9 o que informa o n\u00fancio apost\u00f3lico na Nicar\u00e1gua, Dom Waldemar St. Sommertag, que numa nota esclarece que o religioso esteve \u201c35 anos sob suspens\u00e3o do exerc\u00edcio do minist\u00e9rio devido a sua milit\u00e2ncia pol\u00edtica\u201d, com a participa\u00e7\u00e3o como ministro da Cultura no governo conduzido por Daniel Ortega, ap\u00f3s a ditadura dos Somoza.<\/p>\n<p>\u201cO religioso aceitou a pena can\u00f4nica imposta\u201d na \u00e9poca, atendo-se \u201csempre a ela\u201d, \u201csem levar adiante nenhuma atividade pastoral\u201d, tendo abandonado \u201ch\u00e1 muitos anos todo e qualquer empenho pol\u00edtico\u201d.<\/p>\n<p><strong>A b\u00ean\u00e7\u00e3o do Papa Francisco<\/strong><\/p>\n<p>O arcebispo Sommertag concelebrou este domingo (17\/02) a santa missa com Pe. Cardenal no hospital de Man\u00e1gua, onde o sacerdote se encontra internado desde o in\u00edcio deste m\u00eas de fevereiro em prec\u00e1rias condi\u00e7\u00f5es de sa\u00fade.<\/p>\n<p>O n\u00fancio apost\u00f3lico comunicou-lhe a medida de plena &nbsp;reintegra\u00e7\u00e3o decidida pelo Pont\u00edfice, transmitindo-lhe a b\u00ean\u00e7\u00e3o de Francisco a fim de que possa viver este momento da sua vida em paz com o Senhor e com a Igreja.<\/p>\n<p>O religioso anci\u00e3o expressou gratid\u00e3o ao Santo Padre e ao pr\u00f3prio n\u00fancio, o qual definiu o sacerdote nicaraguense feliz e sereno.<\/p>\n<p><strong>Primeira missa celebrada ap\u00f3s mais de 30 anos<\/strong><\/p>\n<p>Para Pe. Cardenal a missa de horas atr\u00e1s foi a primeira celebra\u00e7\u00e3o eucar\u00edstica ap\u00f3s mais de 30 anos, isto \u00e9, desde quando lhe foi notificada a suspens\u00e3o&nbsp;<i>a divinis<\/i>. Em 1983 Jo\u00e3o Paulo II, em visita ao pa\u00eds centro-americano, convidou publicamente Pe. Cardenal a demitir-se e a conformar-se \u00e0s prescri\u00e7\u00f5es can\u00f4nicas: tendo rejeitado, foi-lhe imposta a suspens\u00e3o&nbsp;<i>a divinis<\/i>. Em 1994 Cardenal abandonou a Frente sandinista de liberta\u00e7\u00e3o nacional (Fsln), criticando \u2013 segundo sua interpreta\u00e7\u00e3o \u2013 a deriva autorit\u00e1ria do partido.<\/p>\n<p><strong>Col\u00f3quios com o n\u00fancio<\/strong><\/p>\n<p>Nas \u00faltimas semanas o arcebispo Sommertag visitou mais vezes o sacerdote e te\u00f3logo, famoso poeta em toda a Am\u00e9rica Latina e n\u00e3o s\u00f3, promotor nos anos 80 de uma grande campanha de alfabetiza\u00e7\u00e3o que lhe valeu um reconhecimento da Organiza\u00e7\u00e3o das Na\u00e7\u00f5es Unidas para Educa\u00e7\u00e3o, Ci\u00eancia e Cultura (Unesco): efetivamente, gra\u00e7as \u00e0quela iniciativa ao menos meio milh\u00e3o de nicaraguenses aprendeu a ler e a escrever.<\/p>\n<p>Em 2 de fevereiro, o n\u00fancio teve um col\u00f3quio privado de meia hora com Pe. Cardenal na resid\u00eancia deste em Man\u00e1gua: na ocasi\u00e3o, com uma conversa\u00e7\u00e3o definida profunda, aberta e amistosa, foi feito o pedido para \u201cser readmitido no exerc\u00edcio do minist\u00e9rio presbiteral\u201d, referiu Dom Sommertag.<\/p>\n<p>Ap\u00f3s o internamento, o representante pontif\u00edcio foi visit\u00e1-lo no hospital em 11 de fevereiro, na celebra\u00e7\u00e3o do Dia Mundial do Enfermo. Novamente o visitou este domingo, quando lhe comunicou a decis\u00e3o do Pont\u00edfice.(Vatican News)<\/p>\n<p>&nbsp;<\/p>\n<\/div>\n","protected":false},"excerpt":{"rendered":"<p>Francisco concede plena reintegra\u00e7\u00e3o ao padre nicaraguense Ernesto Cardenal, suspenso a divinis mais de 30 anos atr\u00e1s devido sua milit\u00e2ncia pol\u00edtica, tendo depois abandonado toda atividade nesse sentido. Acolhendo ao pedido do mesmo, o Papa concede ao sacerdote de 94 anos plena reintegra\u00e7\u00e3o a fim de que possa viver este momento da sua vida em&nbsp;<\/p>\n<p><a class=\"btn btn-style\" href=\"https:\/\/portalcatolico.net\/portal\/papa-retira-sancoes-canonicas-a-pe-cardenal-sacerdote-nicaraguense\/\">Continue Reading<\/a><\/p>\n","protected":false},"author":2,"featured_media":63275,"comment_status":"open","ping_status":"open","sticky":false,"template":"","format":"standard","meta":{"footnotes":""},"categories":[5],"tags":[],"class_list":["post-63274","post","type-post","status-publish","format-standard","has-post-thumbnail","hentry","category-igreja_no_mundo"],"_links":{"self":[{"href":"https:\/\/portalcatolico.net\/portal\/wp-json\/wp\/v2\/posts\/63274","targetHints":{"allow":["GET"]}}],"collection":[{"href":"https:\/\/portalcatolico.net\/portal\/wp-json\/wp\/v2\/posts"}],"about":[{"href":"https:\/\/portalcatolico.net\/portal\/wp-json\/wp\/v2\/types\/post"}],"author":[{"embeddable":true,"href":"https:\/\/portalcatolico.net\/portal\/wp-json\/wp\/v2\/users\/2"}],"replies":[{"embeddable":true,"href":"https:\/\/portalcatolico.net\/portal\/wp-json\/wp\/v2\/comments?post=63274"}],"version-history":[{"count":1,"href":"https:\/\/portalcatolico.net\/portal\/wp-json\/wp\/v2\/posts\/63274\/revisions"}],"predecessor-version":[{"id":63276,"href":"https:\/\/portalcatolico.net\/portal\/wp-json\/wp\/v2\/posts\/63274\/revisions\/63276"}],"wp:featuredmedia":[{"embeddable":true,"href":"https:\/\/portalcatolico.net\/portal\/wp-json\/wp\/v2\/media\/63275"}],"wp:attachment":[{"href":"https:\/\/portalcatolico.net\/portal\/wp-json\/wp\/v2\/media?parent=63274"}],"wp:term":[{"taxonomy":"category","embeddable":true,"href":"https:\/\/portalcatolico.net\/portal\/wp-json\/wp\/v2\/categories?post=63274"},{"taxonomy":"post_tag","embeddable":true,"href":"https:\/\/portalcatolico.net\/portal\/wp-json\/wp\/v2\/tags?post=63274"}],"curies":[{"name":"wp","href":"https:\/\/api.w.org\/{rel}","templated":true}]}}