{"id":63266,"date":"2019-02-18T19:47:02","date_gmt":"2019-02-18T22:47:02","guid":{"rendered":"http:\/\/portalcatolico.net\/portal\/?p=63266"},"modified":"2019-02-18T21:03:18","modified_gmt":"2019-02-19T00:03:18","slug":"1a-jornada-apostolica-acontece-em-itabuna","status":"publish","type":"post","link":"https:\/\/portalcatolico.net\/portal\/1a-jornada-apostolica-acontece-em-itabuna\/","title":{"rendered":"1\u00aa  Jornada Apost\u00f3lica  acontece em Itabuna"},"content":{"rendered":"<p><img loading=\"lazy\" decoding=\"async\" class=\"wp-image-63267 aligncenter\" src=\"http:\/\/portalcatolico.net\/portal\/wp-content\/uploads\/2019\/02\/sem-t\u00edtulo-74-1-300x225.jpg\" alt=\"\" width=\"744\" height=\"558\" srcset=\"https:\/\/portalcatolico.net\/portal\/wp-content\/uploads\/2019\/02\/sem-t\u00edtulo-74-1-300x225.jpg 300w, https:\/\/portalcatolico.net\/portal\/wp-content\/uploads\/2019\/02\/sem-t\u00edtulo-74-1-768x576.jpg 768w, https:\/\/portalcatolico.net\/portal\/wp-content\/uploads\/2019\/02\/sem-t\u00edtulo-74-1-1024x768.jpg 1024w, https:\/\/portalcatolico.net\/portal\/wp-content\/uploads\/2019\/02\/sem-t\u00edtulo-74-1.jpg 2000w\" sizes=\"auto, (max-width: 744px) 100vw, 744px\" \/><\/p>\n<p>Nos dias 15 e 16 de fevereiro de 2019, aconteceu na Diocese de Itabuna&nbsp;&nbsp;(BA), a 1\u00aa&nbsp; Jornada Apost\u00f3lica&nbsp; do Apostolado da Ora\u00e7\u00e3o e o MEJ, das&nbsp;dioceses de Itabuna e Ilh\u00e9us que contou com a presen\u00e7a do Diretor&nbsp;Nacional do A O, Pe. Eliomar Ribeiro, SJ.<br \/>\nNo s\u00e1bado (15), \u00e0s 14h, na Catedral Diocesana de S\u00e3o Jos\u00e9, os Presidentes&nbsp;&nbsp;dos&nbsp; Apostolado da Ora\u00e7\u00e3o ,MEJ das Dioceses de Itabuna e&nbsp; Ilh\u00e9us se&nbsp;&nbsp;reuniram&nbsp;num momento de forma\u00e7\u00e3o com o diretor Nacional do Apostolado &#8211;&nbsp;Rede Mundial de Ora\u00e7\u00e3o do Papa (RMOP), com o&nbsp; padre Eliomar Ribeiro,SJ.<br \/>\nNo domingo (17), mais&nbsp; de 1000 membros do AO e convidados participaram&nbsp;da 1\u00aa Jornada Apost\u00f3lica do Apostolado da Ora\u00e7\u00e3o no espa\u00e7o de eventos da&nbsp;Terceira Via Hall, que situa- se na Avenida Jos\u00e9 Soares Pinheiro no&nbsp;&nbsp;bairro Lomanto, na cidade anfitri\u00e3, Itabuna.<br \/>\nO Pe. Eliomar Ribeiro, SJ, \u00e9 diretor Nacional da Rede Mundial de Ora\u00e7\u00e3o&nbsp;Brasil do Apostolado da Ora\u00e7\u00e3o \u2013AO e Movimento Eucar\u00edstico Jovem- MEJ em&nbsp;sua forma\u00e7\u00e3o, informou que o Apostolado da Ora\u00e7\u00e3o est\u00e1 em&nbsp;mais de 98 pais com mais de 36 milh\u00f5es de membros e no Brasil j\u00e1 s\u00e3o&nbsp;mais 3 milh\u00f5es.<br \/>\nO sacerdote&nbsp; disse ainda que o Apostolado n\u00e3o \u00e9 um movimento e sim, um&nbsp;servi\u00e7o Eclesial da Igreja Cat\u00f3lica Apost\u00f3lica Romana.<br \/>\nDe 01 a 03 de maio em 2020 acontecer\u00e1 a primeira Romaria do Nordeste&nbsp; e&nbsp;ser\u00e1 em Juazeiro do Norte no estado do Cear\u00e1 ( Padim Padre C\u00edcero).&nbsp;O evento encerrou \u00e0s 15h,com uma santa missa presidida pelo&nbsp; bispo&nbsp;diocesano da diocese de Itabuna, Dom Carlos Alberto dos Santos e&nbsp;concelebra\u00e7\u00e3o do Pe. Eliomar Ribeiro, al\u00e9m de padres e di\u00e1conos da diocese de&nbsp;Itabuna.<\/p>\n<p>Na oportunidade, Dom Carlos falou: &#8220;Esse Encontro deu pra gente colocar um \u00f3leo lubrificante na nossa caminhada de f\u00e9. Discutimos hoje sobre a nossa miss\u00e3o e a nossa voca\u00e7\u00e3o, que \u00e9 evangelizar, testemunhar, caminhar como Jesus caminhou, viver como Jesus viveu, amar como Jesus amou!&#8221;.&nbsp;Os organizadores, muitos emocionados, agradeceram aos participantes.<\/p>\n<p>Mat\u00e9ria e fotos:Portal Cat\u00f3lico<\/p>\n<p>VEJA MAIS FOTOS EM NOSSA FAN PAGE.<a href=\"https:\/\/www.facebook.com\/portalcatolicooficial\/\"><strong>CLIQUE AQUI<\/strong><\/a><\/p>\n<h2><strong>Assista o v\u00eddeo<\/strong><\/h2>\n<p><iframe loading=\"lazy\"  id=\"_ytid_48712\"  width=\"480\" height=\"270\"  data-origwidth=\"480\" data-origheight=\"270\" src=\"https:\/\/www.youtube.com\/embed\/1UA9gtQlzF8?enablejsapi=1&#038;autoplay=0&#038;cc_load_policy=0&#038;cc_lang_pref=&#038;iv_load_policy=1&#038;loop=0&#038;rel=1&#038;fs=1&#038;playsinline=0&#038;autohide=2&#038;theme=dark&#038;color=red&#038;controls=1&#038;disablekb=0&#038;\" class=\"__youtube_prefs__  epyt-is-override  no-lazyload\" title=\"YouTube player\"  allow=\"fullscreen; accelerometer; autoplay; clipboard-write; encrypted-media; gyroscope; picture-in-picture; web-share\" referrerpolicy=\"strict-origin-when-cross-origin\" allowfullscreen data-no-lazy=\"1\" data-skipgform_ajax_framebjll=\"\"><\/iframe><\/p>\n","protected":false},"excerpt":{"rendered":"<p>Nos dias 15 e 16 de fevereiro de 2019, aconteceu na Diocese de Itabuna&nbsp;&nbsp;(BA), a 1\u00aa&nbsp; Jornada Apost\u00f3lica&nbsp; do Apostolado da Ora\u00e7\u00e3o e o MEJ, das&nbsp;dioceses de Itabuna e Ilh\u00e9us que contou com a presen\u00e7a do Diretor&nbsp;Nacional do A O, Pe. Eliomar Ribeiro, SJ. No s\u00e1bado (15), \u00e0s 14h, na Catedral Diocesana de S\u00e3o Jos\u00e9,&nbsp;<\/p>\n<p><a class=\"btn btn-style\" href=\"https:\/\/portalcatolico.net\/portal\/1a-jornada-apostolica-acontece-em-itabuna\/\">Continue Reading<\/a><\/p>\n","protected":false},"author":2,"featured_media":63271,"comment_status":"open","ping_status":"open","sticky":false,"template":"","format":"standard","meta":{"footnotes":""},"categories":[68],"tags":[],"class_list":["post-63266","post","type-post","status-publish","format-standard","has-post-thumbnail","hentry","category-homilias"],"_links":{"self":[{"href":"https:\/\/portalcatolico.net\/portal\/wp-json\/wp\/v2\/posts\/63266","targetHints":{"allow":["GET"]}}],"collection":[{"href":"https:\/\/portalcatolico.net\/portal\/wp-json\/wp\/v2\/posts"}],"about":[{"href":"https:\/\/portalcatolico.net\/portal\/wp-json\/wp\/v2\/types\/post"}],"author":[{"embeddable":true,"href":"https:\/\/portalcatolico.net\/portal\/wp-json\/wp\/v2\/users\/2"}],"replies":[{"embeddable":true,"href":"https:\/\/portalcatolico.net\/portal\/wp-json\/wp\/v2\/comments?post=63266"}],"version-history":[{"count":5,"href":"https:\/\/portalcatolico.net\/portal\/wp-json\/wp\/v2\/posts\/63266\/revisions"}],"predecessor-version":[{"id":63273,"href":"https:\/\/portalcatolico.net\/portal\/wp-json\/wp\/v2\/posts\/63266\/revisions\/63273"}],"wp:featuredmedia":[{"embeddable":true,"href":"https:\/\/portalcatolico.net\/portal\/wp-json\/wp\/v2\/media\/63271"}],"wp:attachment":[{"href":"https:\/\/portalcatolico.net\/portal\/wp-json\/wp\/v2\/media?parent=63266"}],"wp:term":[{"taxonomy":"category","embeddable":true,"href":"https:\/\/portalcatolico.net\/portal\/wp-json\/wp\/v2\/categories?post=63266"},{"taxonomy":"post_tag","embeddable":true,"href":"https:\/\/portalcatolico.net\/portal\/wp-json\/wp\/v2\/tags?post=63266"}],"curies":[{"name":"wp","href":"https:\/\/api.w.org\/{rel}","templated":true}]}}