{"id":63235,"date":"2019-02-17T06:22:29","date_gmt":"2019-02-17T09:22:29","guid":{"rendered":"http:\/\/portalcatolico.net\/portal\/?p=63235"},"modified":"2019-02-17T22:24:00","modified_gmt":"2019-02-18T01:24:00","slug":"comissao-diocesana-realiza-reuniao-em-itabuna","status":"publish","type":"post","link":"https:\/\/portalcatolico.net\/portal\/comissao-diocesana-realiza-reuniao-em-itabuna\/","title":{"rendered":"Comiss\u00e3o Diocesana realiza forma\u00e7\u00e3o  em Itabuna"},"content":{"rendered":"<div dir=\"auto\">Dando continuidade aos trabalhos da Pastoral Familiar da Diocese de Itabuna no sul da Bahia em 2019, no \u00faltimo s\u00e1bado, 16 de fevereiro, a Comiss\u00e3o Diocesana se reuniu com os Coordenadores e vices Paroquiais na Par\u00f3quia Nossa Senhora das Vit\u00f3rias, situada no bairro Jardim Vit\u00f3ria em Itabuna (BA) para trabalharem o tema: &#8220;Desafios Pastoral&#8221;, que foi refletido pelo di\u00e1cono Othon Dantas.&nbsp;<\/div>\n<div dir=\"auto\">Estiveram presentes os agentes das 14 Par\u00f3quias da forania Centro de Itabuna, al\u00e9m dos coordenadores da forania Sul, sendo as par\u00f3quias e cidades: S\u00e3o Boaventura de Canavieiras, S\u00e3o Jos\u00e9 de Una, Nossa Senhora da Concei\u00e7\u00e3o de Arataca, Senhora Santana de Buerarema, entre outras.&nbsp;<\/div>\n<div dir=\"auto\">&nbsp;<\/div>\n<div dir=\"auto\">O evento iniciou \u00e0s 14h e finalizou \u00e0s 17h, com um Coffee break.&nbsp;<\/div>\n<div dir=\"auto\">&nbsp;<\/div>\n<div dir=\"auto\">O casal coordenador fez uma explana\u00e7\u00e3o para os casais coordenadores paroquiais que participaram deste encontro de forma\u00e7\u00e3o, sobre a miss\u00e3o de um coordenador e seguir os documentos da Igreja.&nbsp;<\/div>\n<div dir=\"auto\">A miss\u00e3o do coordenador de pastoral \u00e9 ir ao encontro das fam\u00edlias que precisam de ajuda, principalmente os mais necessitados. S\u00e3o qualidades essenciais em um coordenador: a lideran\u00e7a, capacidade, espiritualidade, energia, dinamismo e alegria. Destacaram tamb\u00e9m que o agente de pastoral \u00e9 aquele que serve com alegria, pois o seu papel ser l\u00edder \u00e9 continuar a miss\u00e3o de Jesus, o grande l\u00edder; transmitir a boa nova do Reino de Deus.<\/div>\n<div dir=\"auto\">Os assessores da Pastoral Familiar o Di\u00e1cono Ailton Matos e Pe. Luiz Alves estiveram presentes orientando e incentivando os casais. O bispo da Diocese de Itabuna, Dom Carlos Alberto dos Santos, tamb\u00e9m esteve no evento dando suas orienta\u00e7\u00f5es e a sua b\u00ean\u00e7\u00e3o de envio.<\/div>\n<div dir=\"auto\">&nbsp;<\/div>\n<div dir=\"auto\">Vale ressaltar que o di\u00e1cono A\u00edlton Matos e sua esposa j\u00e1 foram&nbsp; casal diocesano.&nbsp;<\/div>\n<div dir=\"auto\">A Pastoral Familiar tem como miss\u00e3o ser misericordiosa, acolhedora, integrada, defensora da vida e dos valores crist\u00e3os, valorizadora do sacramento do matrim\u00f4nio e formadora de Igrejas dom\u00e9sticas e comunidades de amor.&nbsp;<\/div>\n<div dir=\"auto\">A Pastoral familiar destina-se a todos os tipos de pessoas e fam\u00edlias para ajud\u00e1-las e servi-las \u2013 fam\u00edlias bem constitu\u00eddas, desestruturadas, futuras fam\u00edlias, fam\u00edlias em situa\u00e7\u00e3o de mis\u00e9ria, distanciadas da vida da igreja, discriminadas, de migrantes, m\u00e3es e pais solteiros, pessoas sem fam\u00edlia, divorciadas, vi\u00favos e em toda situa\u00e7\u00e3o familiar que necessite de ajuda e acolhimento.<\/div>\n<div dir=\"auto\">Para melhor atua\u00e7\u00e3o, a Pastoral Familiar divide-se em tr\u00eas setores: Pr\u00e9-matrimonial, P\u00f3s-matrimonial e casos especiais.&nbsp;&nbsp;<\/div>\n<div dir=\"auto\">&nbsp;<\/div>\n<div dir=\"auto\">Mat\u00e9ria e edi\u00e7\u00e3o de texto:Portal Cat\u00f3lico<\/div>\n<div dir=\"auto\">&nbsp;<\/div>\n<div dir=\"auto\">Veja mais fotos em nossa Fan Page: <a href=\"https:\/\/www.facebook.com\/portalcatolicooficial\/\">CLIQUE AQUI<\/a><\/div>\n","protected":false},"excerpt":{"rendered":"<p>Dando continuidade aos trabalhos da Pastoral Familiar da Diocese de Itabuna no sul da Bahia em 2019, no \u00faltimo s\u00e1bado, 16 de fevereiro, a Comiss\u00e3o Diocesana se reuniu com os Coordenadores e vices Paroquiais na Par\u00f3quia Nossa Senhora das Vit\u00f3rias, situada no bairro Jardim Vit\u00f3ria em Itabuna (BA) para trabalharem o tema: &#8220;Desafios Pastoral&#8221;, que&nbsp;<\/p>\n<p><a class=\"btn btn-style\" href=\"https:\/\/portalcatolico.net\/portal\/comissao-diocesana-realiza-reuniao-em-itabuna\/\">Continue Reading<\/a><\/p>\n","protected":false},"author":2,"featured_media":63236,"comment_status":"open","ping_status":"open","sticky":false,"template":"","format":"standard","meta":{"footnotes":""},"categories":[4],"tags":[],"class_list":["post-63235","post","type-post","status-publish","format-standard","has-post-thumbnail","hentry","category-destaques"],"_links":{"self":[{"href":"https:\/\/portalcatolico.net\/portal\/wp-json\/wp\/v2\/posts\/63235","targetHints":{"allow":["GET"]}}],"collection":[{"href":"https:\/\/portalcatolico.net\/portal\/wp-json\/wp\/v2\/posts"}],"about":[{"href":"https:\/\/portalcatolico.net\/portal\/wp-json\/wp\/v2\/types\/post"}],"author":[{"embeddable":true,"href":"https:\/\/portalcatolico.net\/portal\/wp-json\/wp\/v2\/users\/2"}],"replies":[{"embeddable":true,"href":"https:\/\/portalcatolico.net\/portal\/wp-json\/wp\/v2\/comments?post=63235"}],"version-history":[{"count":4,"href":"https:\/\/portalcatolico.net\/portal\/wp-json\/wp\/v2\/posts\/63235\/revisions"}],"predecessor-version":[{"id":63250,"href":"https:\/\/portalcatolico.net\/portal\/wp-json\/wp\/v2\/posts\/63235\/revisions\/63250"}],"wp:featuredmedia":[{"embeddable":true,"href":"https:\/\/portalcatolico.net\/portal\/wp-json\/wp\/v2\/media\/63236"}],"wp:attachment":[{"href":"https:\/\/portalcatolico.net\/portal\/wp-json\/wp\/v2\/media?parent=63235"}],"wp:term":[{"taxonomy":"category","embeddable":true,"href":"https:\/\/portalcatolico.net\/portal\/wp-json\/wp\/v2\/categories?post=63235"},{"taxonomy":"post_tag","embeddable":true,"href":"https:\/\/portalcatolico.net\/portal\/wp-json\/wp\/v2\/tags?post=63235"}],"curies":[{"name":"wp","href":"https:\/\/api.w.org\/{rel}","templated":true}]}}