{"id":63202,"date":"2019-02-13T20:06:27","date_gmt":"2019-02-13T23:06:27","guid":{"rendered":"http:\/\/portalcatolico.net\/portal\/?p=63202"},"modified":"2019-02-13T20:07:09","modified_gmt":"2019-02-13T23:07:09","slug":"bispos-do-haiti-o-pais-esta-a-beira-do-abismo","status":"publish","type":"post","link":"https:\/\/portalcatolico.net\/portal\/bispos-do-haiti-o-pais-esta-a-beira-do-abismo\/","title":{"rendered":"Bispos do Haiti: o pa\u00eds est\u00e1 \u00e0 beira do abismo"},"content":{"rendered":"<div class=\"article__subTitle\">&#8220;O momento \u00e9 s\u00e9rio: aumenta a mis\u00e9ria e o bem comum est\u00e1 amea\u00e7ado. O pa\u00eds est\u00e1 \u00e0 beira do abismo! Esta situa\u00e7\u00e3o n\u00e3o pode mais continuar&#8221;, afirmam os bispos haitianos.<\/div>\n<div class=\"article__text\">\n<p>\u201cO momento \u00e9 s\u00e9rio, pois h\u00e1 viol\u00eancia contra a vida. Deploramos as perdas de vidas humanas e propriedades, verificadas recentemente nas manifesta\u00e7\u00f5es. Aproveitamos a ocasi\u00e3o para manifestar a nossa solidariedade \u00e0s v\u00edtimas e seus parentes. O momento \u00e9 s\u00e9rio: aumenta a mis\u00e9ria e o bem comum est\u00e1 amea\u00e7ado. O pa\u00eds est\u00e1 \u00e0 beira do abismo! Esta situa\u00e7\u00e3o n\u00e3o pode mais continuar.\u201d<\/p>\n<p>\u00c9 o que escrevem os bispos da Confer\u00eancia Episcopal do Haiti diante da situa\u00e7\u00e3o dram\u00e1tica de viol\u00eancia que o pa\u00eds est\u00e1 vivendo, depois que a popula\u00e7\u00e3o foi \u00e0 ruas para manifestar contra o governo do presidente Jovenel Mo\u00efse, segundo informa\u00e7\u00f5es da Ag\u00eancia Fides.<\/p>\n<p><strong>Confrontos na manifesta\u00e7\u00f5es<\/strong><\/p>\n<p>No s\u00e1bado, 9 de fevereiro, em Porto Pr\u00edncipe, um adolescente de 14 anos morreu durante uma manifesta\u00e7\u00e3o, e outra pessoa morreu no domingo, 10, em Jacmel, no sul, segundo a m\u00eddia local.<\/p>\n<p>A pol\u00edcia usou g\u00e1s lacrimog\u00eanio para dispersar centenas de jovens dos bairros mais pobres que marcharam na segunda-feira, 11, numa das principais art\u00e9rias da capital. Os tiros ressoaram nas ruas vizinhas. Na confus\u00e3o, as lojas foram saqueadas. Segundo informa\u00e7\u00f5es locais, nunca se viu uma mobiliza\u00e7\u00e3o desse tipo.<\/p>\n<p><strong>Infla\u00e7\u00e3o superior a 15%<\/strong><\/p>\n<p>A raiva popular vai se intensificando com o aumento das dificuldades econ\u00f4micas vividas pela maioria pobre. Diante de uma infla\u00e7\u00e3o que supera 15% h\u00e1 dois anos, o primeiro pedido dos manifestantes \u00e9 o de ter algo para comer. A frustra\u00e7\u00e3o foi agravada pela publica\u00e7\u00e3o, no final de janeiro, de um relat\u00f3rio do Tribunal de Contas sobre a gest\u00e3o desastrosa e sobre poss\u00edveis desvios de fundos emprestados pela Venezuela ao Haiti, desde 2008, para financiar seu desenvolvimento.<\/p>\n<p><strong>Tens\u00e3o continua<\/strong><\/p>\n<p>A situa\u00e7\u00e3o de tens\u00e3o continua. Foram assinalados bloqueios nas ruas em v\u00e1rias cidades onde ocorreram manifesta\u00e7\u00f5es, na \u00faltima segunda-feira.<\/p>\n<p>Por causa do medo, muitas escolas, empresas e administra\u00e7\u00f5es ficaram fechadas. A partir da mobiliza\u00e7\u00e3o nacional da oposi\u00e7\u00e3o, em 7 de fevereiro, que marcou os dois anos do mandato presidencial de Jovenel Mo\u00efse, manifesta\u00e7\u00f5es espont\u00e2neas menores foram organizadas nos principais centros urbanos. Foram acompanhadas por barricadas constru\u00eddas por jovens que paravam qualquer pessoa que tentasse atravess\u00e1-las, incendiando ve\u00edculos e saqueando lojas, numa clima de amea\u00e7as que parou a capital Porto Pr\u00edncipe.<\/p>\n<p><strong>Tutelar o bem comum<\/strong><\/p>\n<p>Eis porque os bispos cat\u00f3licos fizeram um apelo \u201c\u00e0 consci\u00eancia dos cidad\u00e3os de v\u00e1rios partidos por uma decis\u00e3o patri\u00f3tica\u201d, segundo &nbsp;sua mensagem publicada na \u00faltima segunda-feira.<\/p>\n<p>\u201cDevemos encontrar uma solu\u00e7\u00e3o s\u00e1bia que considere os interesses da na\u00e7\u00e3o e a defesa do bem comum. Neste sentido, fazemos um apelo \u00e0 consci\u00eancia dos cidad\u00e3os de v\u00e1rias partes pol\u00edticas por uma decis\u00e3o patri\u00f3tica, mesmo que seja \u00e0 custa de grandes sacrif\u00edcios. Em 11 de fevereiro, festa de Nossa Senhora de Lourdes e Dia Mundial do Enfermo, convidamos todos a rezar pelo Haiti, voltando o nosso olhar confiante para o Senhor\u201d, concluem os bispos.<\/p>\n<p>Com informa\u00e7\u00f5es: Vatican News<\/p>\n<\/div>\n","protected":false},"excerpt":{"rendered":"<p>&#8220;O momento \u00e9 s\u00e9rio: aumenta a mis\u00e9ria e o bem comum est\u00e1 amea\u00e7ado. O pa\u00eds est\u00e1 \u00e0 beira do abismo! Esta situa\u00e7\u00e3o n\u00e3o pode mais continuar&#8221;, afirmam os bispos haitianos. \u201cO momento \u00e9 s\u00e9rio, pois h\u00e1 viol\u00eancia contra a vida. Deploramos as perdas de vidas humanas e propriedades, verificadas recentemente nas manifesta\u00e7\u00f5es. Aproveitamos a ocasi\u00e3o&nbsp;<\/p>\n<p><a class=\"btn btn-style\" href=\"https:\/\/portalcatolico.net\/portal\/bispos-do-haiti-o-pais-esta-a-beira-do-abismo\/\">Continue Reading<\/a><\/p>\n","protected":false},"author":2,"featured_media":63203,"comment_status":"open","ping_status":"open","sticky":false,"template":"","format":"standard","meta":{"footnotes":""},"categories":[5],"tags":[],"class_list":["post-63202","post","type-post","status-publish","format-standard","has-post-thumbnail","hentry","category-igreja_no_mundo"],"_links":{"self":[{"href":"https:\/\/portalcatolico.net\/portal\/wp-json\/wp\/v2\/posts\/63202","targetHints":{"allow":["GET"]}}],"collection":[{"href":"https:\/\/portalcatolico.net\/portal\/wp-json\/wp\/v2\/posts"}],"about":[{"href":"https:\/\/portalcatolico.net\/portal\/wp-json\/wp\/v2\/types\/post"}],"author":[{"embeddable":true,"href":"https:\/\/portalcatolico.net\/portal\/wp-json\/wp\/v2\/users\/2"}],"replies":[{"embeddable":true,"href":"https:\/\/portalcatolico.net\/portal\/wp-json\/wp\/v2\/comments?post=63202"}],"version-history":[{"count":1,"href":"https:\/\/portalcatolico.net\/portal\/wp-json\/wp\/v2\/posts\/63202\/revisions"}],"predecessor-version":[{"id":63204,"href":"https:\/\/portalcatolico.net\/portal\/wp-json\/wp\/v2\/posts\/63202\/revisions\/63204"}],"wp:featuredmedia":[{"embeddable":true,"href":"https:\/\/portalcatolico.net\/portal\/wp-json\/wp\/v2\/media\/63203"}],"wp:attachment":[{"href":"https:\/\/portalcatolico.net\/portal\/wp-json\/wp\/v2\/media?parent=63202"}],"wp:term":[{"taxonomy":"category","embeddable":true,"href":"https:\/\/portalcatolico.net\/portal\/wp-json\/wp\/v2\/categories?post=63202"},{"taxonomy":"post_tag","embeddable":true,"href":"https:\/\/portalcatolico.net\/portal\/wp-json\/wp\/v2\/tags?post=63202"}],"curies":[{"name":"wp","href":"https:\/\/api.w.org\/{rel}","templated":true}]}}