{"id":63198,"date":"2019-02-13T19:24:54","date_gmt":"2019-02-13T22:24:54","guid":{"rendered":"http:\/\/portalcatolico.net\/portal\/?p=63198"},"modified":"2019-02-13T19:39:11","modified_gmt":"2019-02-13T22:39:11","slug":"comunidade-em-itabuna-celebra-o-jubileu-de-prata","status":"publish","type":"post","link":"https:\/\/portalcatolico.net\/portal\/comunidade-em-itabuna-celebra-o-jubileu-de-prata\/","title":{"rendered":"Comunidade em Itabuna celebra o Jubileu de Prata!"},"content":{"rendered":"<p>A Comunidade Cat\u00f3lica Filhos de Israel (CAFI) celebra o seu&nbsp;Jubileu de Prata, nesta sexta-feira,(15\/02), \u00e0s 19h, na&nbsp; Comunidade Nossa&nbsp;Senhora de Guadalupe, situada no bairro Parque Boa Vista.<\/p>\n<p>Esta Comunidade, que&nbsp;&nbsp;comp\u00f5e&nbsp; a&nbsp;par\u00f3quia Nossa Senhora Aparecida, foi fundada em 1994 na&nbsp;Diocese de Itabuna, no sul da Bahia.<\/p>\n<p>Para celebrar este momento&nbsp; dos 25&nbsp;anos de servi\u00e7o, acontecer\u00e1 uma celebra\u00e7\u00e3o especial sob a presid\u00eancia do Bispo&nbsp;Diocesano, Dom Carlos Alberto dos Santos.<br \/>\n&#8220;O Esp\u00edrito do Senhor repousa sobre mim, porque o Senhor consagrou-me&nbsp;pela un\u00e7\u00e3o; enviou-me a levar a boa nova aos humildes, curar os cora\u00e7\u00f5es&nbsp;doloridos, anunciar aos cativos a reden\u00e7\u00e3o, e aos prisioneiros a&nbsp;liberdade!&#8221; (Isa\u00edas 61,1)<\/p>\n<p>Texto:Portal Cat\u00f3lico<\/p>\n","protected":false},"excerpt":{"rendered":"<p>A Comunidade Cat\u00f3lica Filhos de Israel (CAFI) celebra o seu&nbsp;Jubileu de Prata, nesta sexta-feira,(15\/02), \u00e0s 19h, na&nbsp; Comunidade Nossa&nbsp;Senhora de Guadalupe, situada no bairro Parque Boa Vista. Esta Comunidade, que&nbsp;&nbsp;comp\u00f5e&nbsp; a&nbsp;par\u00f3quia Nossa Senhora Aparecida, foi fundada em 1994 na&nbsp;Diocese de Itabuna, no sul da Bahia. Para celebrar este momento&nbsp; dos 25&nbsp;anos de servi\u00e7o, acontecer\u00e1 uma&nbsp;<\/p>\n<p><a class=\"btn btn-style\" href=\"https:\/\/portalcatolico.net\/portal\/comunidade-em-itabuna-celebra-o-jubileu-de-prata\/\">Continue Reading<\/a><\/p>\n","protected":false},"author":2,"featured_media":63199,"comment_status":"open","ping_status":"open","sticky":false,"template":"","format":"standard","meta":{"footnotes":""},"categories":[1],"tags":[],"class_list":["post-63198","post","type-post","status-publish","format-standard","has-post-thumbnail","hentry","category-agenda"],"_links":{"self":[{"href":"https:\/\/portalcatolico.net\/portal\/wp-json\/wp\/v2\/posts\/63198","targetHints":{"allow":["GET"]}}],"collection":[{"href":"https:\/\/portalcatolico.net\/portal\/wp-json\/wp\/v2\/posts"}],"about":[{"href":"https:\/\/portalcatolico.net\/portal\/wp-json\/wp\/v2\/types\/post"}],"author":[{"embeddable":true,"href":"https:\/\/portalcatolico.net\/portal\/wp-json\/wp\/v2\/users\/2"}],"replies":[{"embeddable":true,"href":"https:\/\/portalcatolico.net\/portal\/wp-json\/wp\/v2\/comments?post=63198"}],"version-history":[{"count":2,"href":"https:\/\/portalcatolico.net\/portal\/wp-json\/wp\/v2\/posts\/63198\/revisions"}],"predecessor-version":[{"id":63201,"href":"https:\/\/portalcatolico.net\/portal\/wp-json\/wp\/v2\/posts\/63198\/revisions\/63201"}],"wp:featuredmedia":[{"embeddable":true,"href":"https:\/\/portalcatolico.net\/portal\/wp-json\/wp\/v2\/media\/63199"}],"wp:attachment":[{"href":"https:\/\/portalcatolico.net\/portal\/wp-json\/wp\/v2\/media?parent=63198"}],"wp:term":[{"taxonomy":"category","embeddable":true,"href":"https:\/\/portalcatolico.net\/portal\/wp-json\/wp\/v2\/categories?post=63198"},{"taxonomy":"post_tag","embeddable":true,"href":"https:\/\/portalcatolico.net\/portal\/wp-json\/wp\/v2\/tags?post=63198"}],"curies":[{"name":"wp","href":"https:\/\/api.w.org\/{rel}","templated":true}]}}