{"id":63195,"date":"2019-02-13T19:20:12","date_gmt":"2019-02-13T22:20:12","guid":{"rendered":"http:\/\/portalcatolico.net\/portal\/?p=63195"},"modified":"2019-02-13T19:20:12","modified_gmt":"2019-02-13T22:20:12","slug":"cardeal-newman-sera-proclamado-santo","status":"publish","type":"post","link":"https:\/\/portalcatolico.net\/portal\/cardeal-newman-sera-proclamado-santo\/","title":{"rendered":"Cardeal Newman ser\u00e1 proclamado Santo"},"content":{"rendered":"<p>A Santa S\u00e9 divulgou na manh\u00e3 desta quarta-feira, 13 de fevereiro, os novos decretos da Congrega\u00e7\u00e3o para a Causa dos Santos. As autoriza\u00e7\u00f5es para a promulga\u00e7\u00e3o dos decretos ocorreram ap\u00f3s o Papa Francisco receber em audi\u00eancia o Cardeal Angelo Becciu, Prefeito da Congrega\u00e7\u00e3o para as Causas dos Santos.<\/p>\n<p>Dentre os canonizados est\u00e1 o Cardeal John Henry Newman, fundador do Orat\u00f3rio de S\u00e3o Felipe Neri na Inglaterra. Nascido em Londres em 21 de fevereiro de 1801, o purpurado faleceu no dia 11 de agosto de 1890, sendo beatificado no dia 19 de setembro de 2010 pelo Papa Bento XVI.<\/p>\n<p>O decreto tamb\u00e9m reconhece um milagre por intercess\u00e3o da Beata Maria Teresa Chiramel Mankidiyan, Fundadora da Congrega\u00e7\u00e3o das Irm\u00e3s da Sagrada Fam\u00edlia. Nascida em Puthenchira (\u00cdndia) no dia 26 abril 1876, a religiosa faleceu no dia 8 de junho de 1926 na cidade indiana de Kuzhikkattussery.<\/p>\n<p>Outro Servo de Deus que ser\u00e1 canonizado \u00e9 Salvador Vittorio Emilio Moscoso C\u00e1rdenas, sacerdote professo na Companhia de Jesus ser\u00e1 beatificado. Nascido em Cuenca (Equador) no dia 21 de abril de 1846, o sacerdote martirizado, morreu por \u00f3dio \u00e0 F\u00e9, no dia 4 de maio de 1897 em Riobamba (Equador).<\/p>\n<p>Se reconhecer\u00e1 tamb\u00e9m as virtudes her\u00f3icas de um Cardeal, um sacerdote jesu\u00edta, um sacerdote diocesano e duas religiosas. S\u00e3o eles:<\/p>\n<p>O Cardeal J\u00f3zsef Mindszenty, ex-Arcebispo de Esztergom e Primaz da Hungria. Nascido em Csehimindszent (Hungria) no dia 29 de mar\u00e7o de 1892 e falecido em Viena (\u00c1ustria) no dia 6 de maio de 1975.<br \/>\nO sacerdote diocesano, Padre Giovanni Battista Zuaboni, fundador do Instituto Secular Companhia da Sagrada Fam\u00edlia. Nascido em Vestone (It\u00e1lia) no dia 24 de janeiro de 1880 e falecido na cidade italiana de Brescia no dia 12 de dezembro de 1939.<\/p>\n<p>O sacerdote professo da Companhia de Jesus, Padre Emanuele Garc\u00eda Nieto. Nascido em Macotera (Espanha) no dia 5 de abril de 1894 e falecido na cidade espanhola de Comillas no dia 13 de abril de 1974.<\/p>\n<p>A Irm\u00e3 Serafina Formai, fundadora da Congrega\u00e7\u00e3o das Irm\u00e3s Mission\u00e1rias da Feliz Mensagem. Nascida em Casola Lunigiana (It\u00e1lia) no dia 28 de agosto de 1876 e falecida na cidade italiana de Pontremoli no dia 1\u00ba de junho de 1954.<\/p>\n<p>Por fim, se reconhecer\u00e1 as virtudes her\u00f3icas da Serva de Deus Maria Berenice Duque Hencker (Anna Giulia), fundadora da Congrega\u00e7\u00e3o das Irm\u00e3s da Anuncia\u00e7\u00e3o. Nascida em Salamina (Col\u00f4mbia) no dia 14 de agosto de 1898 e falecida na cidade colombiana de Medell\u00edn em 25 de julho de 1993.<\/p>\n<p>Com informa\u00e7\u00f5es: Gaudiumpress<\/p>\n","protected":false},"excerpt":{"rendered":"<p>A Santa S\u00e9 divulgou na manh\u00e3 desta quarta-feira, 13 de fevereiro, os novos decretos da Congrega\u00e7\u00e3o para a Causa dos Santos. As autoriza\u00e7\u00f5es para a promulga\u00e7\u00e3o dos decretos ocorreram ap\u00f3s o Papa Francisco receber em audi\u00eancia o Cardeal Angelo Becciu, Prefeito da Congrega\u00e7\u00e3o para as Causas dos Santos. Dentre os canonizados est\u00e1 o Cardeal John&nbsp;<\/p>\n<p><a class=\"btn btn-style\" href=\"https:\/\/portalcatolico.net\/portal\/cardeal-newman-sera-proclamado-santo\/\">Continue Reading<\/a><\/p>\n","protected":false},"author":2,"featured_media":63196,"comment_status":"open","ping_status":"open","sticky":false,"template":"","format":"standard","meta":{"footnotes":""},"categories":[5],"tags":[],"class_list":["post-63195","post","type-post","status-publish","format-standard","has-post-thumbnail","hentry","category-igreja_no_mundo"],"_links":{"self":[{"href":"https:\/\/portalcatolico.net\/portal\/wp-json\/wp\/v2\/posts\/63195","targetHints":{"allow":["GET"]}}],"collection":[{"href":"https:\/\/portalcatolico.net\/portal\/wp-json\/wp\/v2\/posts"}],"about":[{"href":"https:\/\/portalcatolico.net\/portal\/wp-json\/wp\/v2\/types\/post"}],"author":[{"embeddable":true,"href":"https:\/\/portalcatolico.net\/portal\/wp-json\/wp\/v2\/users\/2"}],"replies":[{"embeddable":true,"href":"https:\/\/portalcatolico.net\/portal\/wp-json\/wp\/v2\/comments?post=63195"}],"version-history":[{"count":1,"href":"https:\/\/portalcatolico.net\/portal\/wp-json\/wp\/v2\/posts\/63195\/revisions"}],"predecessor-version":[{"id":63197,"href":"https:\/\/portalcatolico.net\/portal\/wp-json\/wp\/v2\/posts\/63195\/revisions\/63197"}],"wp:featuredmedia":[{"embeddable":true,"href":"https:\/\/portalcatolico.net\/portal\/wp-json\/wp\/v2\/media\/63196"}],"wp:attachment":[{"href":"https:\/\/portalcatolico.net\/portal\/wp-json\/wp\/v2\/media?parent=63195"}],"wp:term":[{"taxonomy":"category","embeddable":true,"href":"https:\/\/portalcatolico.net\/portal\/wp-json\/wp\/v2\/categories?post=63195"},{"taxonomy":"post_tag","embeddable":true,"href":"https:\/\/portalcatolico.net\/portal\/wp-json\/wp\/v2\/tags?post=63195"}],"curies":[{"name":"wp","href":"https:\/\/api.w.org\/{rel}","templated":true}]}}