{"id":63155,"date":"2020-02-11T00:03:09","date_gmt":"2020-02-11T03:03:09","guid":{"rendered":"http:\/\/portalcatolico.net\/portal\/?p=63155"},"modified":"2020-02-10T21:26:55","modified_gmt":"2020-02-11T00:26:55","slug":"hoje-e-dia-de-nossa-senhora-de-lourdes","status":"publish","type":"post","link":"https:\/\/portalcatolico.net\/portal\/hoje-e-dia-de-nossa-senhora-de-lourdes\/","title":{"rendered":"Hoje \u00e9 dia de Nossa Senhora de Lourdes!"},"content":{"rendered":"<div>\n<p>As apari\u00e7\u00f5es de Nossa Senhora de Lourdes come\u00e7aram no dia 11 de&nbsp;fevereiro de 1858, quando a Santa&nbsp; Bernadette Soubirous, camponesa com 14&nbsp;anos, foi questionada por sua m\u00e3e, pois afirmava ter visto uma &#8220;dama&#8221; na&nbsp;gruta de Massabielle, cerca de uma milha da cidade, enquanto ela estava&nbsp;recolhendo lenha com a irm\u00e3 e uma amiga.<br \/>\nSobre a apari\u00e7\u00e3o da Virgem Sant\u00edssima nas cercanias de Lourdes, na&nbsp;Fran\u00e7a, na na gruta Massabielle. Foi no ano de 1858 que uma jovem&nbsp;chamada Santa Marie-Bernard Soubirous ou Santa Bernadete. Essa santa&nbsp;deixou por escrito um testemunho que entrou para o of\u00edcio das leituras&nbsp;do dia de hoje.<\/p>\n<p>&#8220;Certo dia, fui com duas meninas \u00e0s margens do Rio Gave buscar lenha.&nbsp;Ouvi um barulho, voltei-me para o prado, mas n\u00e3o vi movimento nas&nbsp;\u00e1rvores. Levantei a cabe\u00e7a e olhei para a gruta. Vi, ent\u00e3o, uma senhora&nbsp;vestida de branco; tinha um vestido alvo com uma faixa azul celeste na&nbsp;cintura e uma rosa de ouro em cada p\u00e9, da cor do ros\u00e1rio que trazia com&nbsp;ela. Somente na terceira vez, a Senhora me falou e perguntou-me se eu&nbsp;queria voltar ali durante quinze dias.<\/p>\n<p>Durante quinze dias l\u00e1 voltei e a&nbsp;Senhora apareceu-me todos os dias, com exce\u00e7\u00e3o de uma segunda e uma&nbsp;sexta-feira. Repetiu-me, v\u00e1ria vezes, que dissesse aos sacerdotes para&nbsp;construir, ali, uma capela. Ela mandava que fosse \u00e0 fonte para lavar-me&nbsp;e que rezasse pela convers\u00e3o dos pecadores. Muitas e muitas vezes&nbsp;perguntei-lhe quem era, mas ela apenas sorria com bondade. Finalmente,&nbsp;com bra\u00e7os e olhos erguidos para o c\u00e9u, disse-me que era a Imaculada&nbsp;Concei\u00e7\u00e3o&#8221;.Maria, a intercessora, modelo da Igreja, imaculada, concebida sem&nbsp;pecado, e, em virtude dos m\u00e9ritos de Cristo Jesus, Nossa Senhora, nessa&nbsp;apari\u00e7\u00e3o, pediu o essencial para a nossa felicidade: a convers\u00e3o para os&nbsp;pecadores. Ela pediu que rez\u00e1ssemos pela convers\u00e3o deles com ora\u00e7\u00e3o,&nbsp;convers\u00e3o, penit\u00eancia.&nbsp;Isso aconteceu ap\u00f3s 4 anos da proclama\u00e7\u00e3o do Dogma da Imaculada&nbsp;Concei\u00e7\u00e3o.<\/p>\n<p>Deus quis e Sua Provid\u00eancia Sant\u00edssima tamb\u00e9m demonstrou,&nbsp;dessa forma, a infalibilidade da Igreja. Que chancela do c\u00e9u essa&nbsp;apari\u00e7\u00e3o da Virgem Maria em Lourdes. E os sinais, os milagres que&nbsp;aconteceram e continuam a acontecer naquele local.L\u00e1, onde as multid\u00f5es afluem, o clero e v\u00e1rios Papas l\u00e1 estiveram.&nbsp;Agora, temos a gra\u00e7a de ter o Papa Francisco para nos alertar sobre este&nbsp;chamado.<br \/>\nNossa Senhora de Lourdes, rogai por n\u00f3s!<\/p>\n<\/div>\n","protected":false},"excerpt":{"rendered":"<p>As apari\u00e7\u00f5es de Nossa Senhora de Lourdes come\u00e7aram no dia 11 de&nbsp;fevereiro de 1858, quando a Santa&nbsp; Bernadette Soubirous, camponesa com 14&nbsp;anos, foi questionada por sua m\u00e3e, pois afirmava ter visto uma &#8220;dama&#8221; na&nbsp;gruta de Massabielle, cerca de uma milha da cidade, enquanto ela estava&nbsp;recolhendo lenha com a irm\u00e3 e uma amiga. Sobre a apari\u00e7\u00e3o&nbsp;<\/p>\n<p><a class=\"btn btn-style\" href=\"https:\/\/portalcatolico.net\/portal\/hoje-e-dia-de-nossa-senhora-de-lourdes\/\">Continue Reading<\/a><\/p>\n","protected":false},"author":2,"featured_media":63112,"comment_status":"open","ping_status":"open","sticky":false,"template":"","format":"standard","meta":{"footnotes":""},"categories":[69],"tags":[],"class_list":["post-63155","post","type-post","status-publish","format-standard","has-post-thumbnail","hentry","category-artigos"],"_links":{"self":[{"href":"https:\/\/portalcatolico.net\/portal\/wp-json\/wp\/v2\/posts\/63155","targetHints":{"allow":["GET"]}}],"collection":[{"href":"https:\/\/portalcatolico.net\/portal\/wp-json\/wp\/v2\/posts"}],"about":[{"href":"https:\/\/portalcatolico.net\/portal\/wp-json\/wp\/v2\/types\/post"}],"author":[{"embeddable":true,"href":"https:\/\/portalcatolico.net\/portal\/wp-json\/wp\/v2\/users\/2"}],"replies":[{"embeddable":true,"href":"https:\/\/portalcatolico.net\/portal\/wp-json\/wp\/v2\/comments?post=63155"}],"version-history":[{"count":1,"href":"https:\/\/portalcatolico.net\/portal\/wp-json\/wp\/v2\/posts\/63155\/revisions"}],"predecessor-version":[{"id":63156,"href":"https:\/\/portalcatolico.net\/portal\/wp-json\/wp\/v2\/posts\/63155\/revisions\/63156"}],"wp:featuredmedia":[{"embeddable":true,"href":"https:\/\/portalcatolico.net\/portal\/wp-json\/wp\/v2\/media\/63112"}],"wp:attachment":[{"href":"https:\/\/portalcatolico.net\/portal\/wp-json\/wp\/v2\/media?parent=63155"}],"wp:term":[{"taxonomy":"category","embeddable":true,"href":"https:\/\/portalcatolico.net\/portal\/wp-json\/wp\/v2\/categories?post=63155"},{"taxonomy":"post_tag","embeddable":true,"href":"https:\/\/portalcatolico.net\/portal\/wp-json\/wp\/v2\/tags?post=63155"}],"curies":[{"name":"wp","href":"https:\/\/api.w.org\/{rel}","templated":true}]}}