{"id":63036,"date":"2019-02-01T22:08:13","date_gmt":"2019-02-02T01:08:13","guid":{"rendered":"http:\/\/portalcatolico.net\/portal\/?p=63036"},"modified":"2019-02-01T22:08:35","modified_gmt":"2019-02-02T01:08:35","slug":"saj-padre-valmiro-santiago-e-empossado-paroco-da-paroquia-sao-jose-do-andaia","status":"publish","type":"post","link":"https:\/\/portalcatolico.net\/portal\/saj-padre-valmiro-santiago-e-empossado-paroco-da-paroquia-sao-jose-do-andaia\/","title":{"rendered":"SAJ: Padre Valmiro Santiago \u00e9 empossado p\u00e1roco da Par\u00f3quia S\u00e3o Jos\u00e9 do Andai\u00e1"},"content":{"rendered":"<p>Na noite desta quarta-feira (30\/01), o Padre Valmiro Santiago foi empossado p\u00e1roco da Par\u00f3quia S\u00e3o Jos\u00e9 do Andai\u00e1, em Santo Ant\u00f4nio de Jesus-BA, Diocese de Amargosa. A missa de posse foi presidida pelo Bispo Diocesano Dom Valdemir Ferreira, na Igreja Matriz, que ficou completamente lotada.<\/p>\n<p><strong>Pe. Valmiro sobre a Par\u00f3quia de Varzedo<\/strong><\/p>\n<p>Padre \u201cNole\u201d, como \u00e9 conhecido, estava a frente da Par\u00f3quia Nossa Senhora da Concei\u00e7\u00e3o em Varzedo. Em entrevista ao Tribuna do Rec\u00f4ncavo, ele deixou sua mensagem ao povo varzedense. \u201cA palavra que eu tenho a dizer \u00e9 de agradecimento pelo bem que esse povo me fez ao longo do tempo que por l\u00e1 passei. Ent\u00e3o, ao povo de Varzedo, o meu reconhecimento e gratid\u00e3o pelo acolhimento pessoal e pelo servi\u00e7o que eles realizam na par\u00f3quia, que Deus aben\u00e7oe a todos\u201d, disse.<\/p>\n<p><strong>Pe. Valmiro sobre a Par\u00f3quia do Andai\u00e1<\/strong><\/p>\n<p>Sobre a sua nova par\u00f3quia, Padre Valmiro falou que se sentiu em casa, porque j\u00e1 atuou na Par\u00f3quia S\u00e3o Jos\u00e9 como seminarista por um per\u00edodo de tr\u00eas meses, e sua ordena\u00e7\u00e3o diaconal tamb\u00e9m foi no Andai\u00e1.&nbsp;Na oportunidade, ele deixou sua mensagem aos seus novos paroquianos.<\/p>\n<p>\u201cEstou consciente dos desafios e das dificuldades, mas estou inteiramente aberto para servir naquilo que for preciso e necess\u00e1rio. Quero agradecer pelo bom acolhimento e dizer que eu estou aberto ao servi\u00e7o que for surgindo pra gente acompanhar de perto. Temos uma miss\u00e3o este ano, que \u00e9 celebrar os 25 anos de instala\u00e7\u00e3o dessa paroquia, vamos nos articular, nos organizar e nos reunir com todas as instancias para celebrar esses 25 anos de hist\u00f3ria\u201d, concluiu.<\/p>\n<p>A primeira reuni\u00e3o do Padre Valmiro com os representantes das comunidades ser\u00e1 no s\u00e1bado, dia 9 de fevereiro. O convite oficial ser\u00e1 feito na missa deste domingo, dia 2, \u00e0s 7 da noite, na Igreja Matriz de S\u00e3o Jos\u00e9.<\/p>\n<p>Texto: H\u00e9lio Alves\/ Tribuna do Rec\u00f4ncavo<span id=\"more-134942\"><\/span><\/p>\n<div id=\"attachment_134967\" class=\"wp-caption aligncenter\">\n<p><img loading=\"lazy\" decoding=\"async\" class=\"wp-image-134967 size-full\" src=\"https:\/\/tribunadoreconcavo.com\/wp-content\/uploads\/2019\/01\/posse-pe-valmiro-povo.jpg\" sizes=\"auto, (max-width: 615px) 100vw, 615px\" srcset=\"https:\/\/tribunadoreconcavo.com\/wp-content\/uploads\/2019\/01\/posse-pe-valmiro-povo.jpg 615w, https:\/\/tribunadoreconcavo.com\/wp-content\/uploads\/2019\/01\/posse-pe-valmiro-povo-300x169.jpg 300w\" alt=\"\" width=\"615\" height=\"346\"><\/p>\n<p class=\"wp-caption-text\">P\u00fablico na Missa de Posse | Foto: Jenilson Pereira<\/p>\n<\/div>\n<div id=\"attachment_134946\" class=\"wp-caption aligncenter\">\n<p><img loading=\"lazy\" decoding=\"async\" class=\"wp-image-134946 size-full\" src=\"https:\/\/tribunadoreconcavo.com\/wp-content\/uploads\/2019\/01\/padre-posse-padres.jpg\" sizes=\"auto, (max-width: 615px) 100vw, 615px\" srcset=\"https:\/\/tribunadoreconcavo.com\/wp-content\/uploads\/2019\/01\/padre-posse-padres.jpg 615w, https:\/\/tribunadoreconcavo.com\/wp-content\/uploads\/2019\/01\/padre-posse-padres-300x169.jpg 300w\" alt=\"\" width=\"615\" height=\"346\"><\/p>\n<p class=\"wp-caption-text\">Na foto: Dom Valdemir, padres e seminaristas que participaram da Missa de Posse | Foto: Jenilson Pereira<\/p>\n<\/div>\n<p><strong>VEJA MAIS FOTOS EM NOSSA FANPAGE.&nbsp;<a href=\"https:\/\/www.facebook.com\/pg\/tribunadoreconcavo\/photos\/?tab=album&amp;album_id=1129254687246730\" target=\"_blank\" rel=\"noopener\">CLIQUE AQUI!<\/a><\/strong><\/p>\n","protected":false},"excerpt":{"rendered":"<p>Na noite desta quarta-feira (30\/01), o Padre Valmiro Santiago foi empossado p\u00e1roco da Par\u00f3quia S\u00e3o Jos\u00e9 do Andai\u00e1, em Santo Ant\u00f4nio de Jesus-BA, Diocese de Amargosa. A missa de posse foi presidida pelo Bispo Diocesano Dom Valdemir Ferreira, na Igreja Matriz, que ficou completamente lotada. Pe. Valmiro sobre a Par\u00f3quia de Varzedo Padre \u201cNole\u201d, como&nbsp;<\/p>\n<p><a class=\"btn btn-style\" href=\"https:\/\/portalcatolico.net\/portal\/saj-padre-valmiro-santiago-e-empossado-paroco-da-paroquia-sao-jose-do-andaia\/\">Continue Reading<\/a><\/p>\n","protected":false},"author":2,"featured_media":63037,"comment_status":"open","ping_status":"open","sticky":false,"template":"","format":"standard","meta":{"footnotes":""},"categories":[65],"tags":[],"class_list":["post-63036","post","type-post","status-publish","format-standard","has-post-thumbnail","hentry","category-entrevistas"],"_links":{"self":[{"href":"https:\/\/portalcatolico.net\/portal\/wp-json\/wp\/v2\/posts\/63036","targetHints":{"allow":["GET"]}}],"collection":[{"href":"https:\/\/portalcatolico.net\/portal\/wp-json\/wp\/v2\/posts"}],"about":[{"href":"https:\/\/portalcatolico.net\/portal\/wp-json\/wp\/v2\/types\/post"}],"author":[{"embeddable":true,"href":"https:\/\/portalcatolico.net\/portal\/wp-json\/wp\/v2\/users\/2"}],"replies":[{"embeddable":true,"href":"https:\/\/portalcatolico.net\/portal\/wp-json\/wp\/v2\/comments?post=63036"}],"version-history":[{"count":2,"href":"https:\/\/portalcatolico.net\/portal\/wp-json\/wp\/v2\/posts\/63036\/revisions"}],"predecessor-version":[{"id":63039,"href":"https:\/\/portalcatolico.net\/portal\/wp-json\/wp\/v2\/posts\/63036\/revisions\/63039"}],"wp:featuredmedia":[{"embeddable":true,"href":"https:\/\/portalcatolico.net\/portal\/wp-json\/wp\/v2\/media\/63037"}],"wp:attachment":[{"href":"https:\/\/portalcatolico.net\/portal\/wp-json\/wp\/v2\/media?parent=63036"}],"wp:term":[{"taxonomy":"category","embeddable":true,"href":"https:\/\/portalcatolico.net\/portal\/wp-json\/wp\/v2\/categories?post=63036"},{"taxonomy":"post_tag","embeddable":true,"href":"https:\/\/portalcatolico.net\/portal\/wp-json\/wp\/v2\/tags?post=63036"}],"curies":[{"name":"wp","href":"https:\/\/api.w.org\/{rel}","templated":true}]}}