{"id":62687,"date":"2018-12-30T19:18:40","date_gmt":"2018-12-30T22:18:40","guid":{"rendered":"http:\/\/portalcatolico.net\/portal\/?p=62687"},"modified":"2018-12-30T19:18:40","modified_gmt":"2018-12-30T22:18:40","slug":"familia-um-tesouro-a-ser-protegido-e-defendido-diz-papa-no-angelus","status":"publish","type":"post","link":"https:\/\/portalcatolico.net\/portal\/familia-um-tesouro-a-ser-protegido-e-defendido-diz-papa-no-angelus\/","title":{"rendered":"Fam\u00edlia, um tesouro a ser protegido e defendido, diz Papa no Angelus"},"content":{"rendered":"<div class=\"article__subTitle\">No \u00faltimo Angelus de 2018, o Papa pediu \u00e0s pessoas a perguntarem-se se conseguem se &#8220;maravilhar&#8221; com o que uma pessoa tem de bom e tamb\u00e9m sentir ang\u00fastia ao ficar longe de Jesus.\u201cEis porque a fam\u00edlia de Nazar\u00e9 \u00e9 santa: por estar centrada em Jesus\u201d. Eram \u201cunidos por um amor intenso e animados por uma grande confian\u00e7a em Deus\u201d. No \u00faltimo<i>&nbsp;Angelus<\/i>&nbsp;de 2018, o Papa Francisco dedicou sua reflex\u00e3o \u00e0 Sagrada Fam\u00edlia, festejada pela Igreja neste domingo.<\/p>\n<p>Mas o Papa recordou tamb\u00e9m das fam\u00edlias com problemas, convidando-nos a aprender a nos maravilhar com as coisas boas que os outros t\u00eam, especialmente com quem nos \u00e9 mais dif\u00edcil.<\/p>\n<p>Dirigindo-se aos milhares de peregrinos presentes na Pra\u00e7a S\u00e3o Pedro, o Pont\u00edfice chamou a aten\u00e7\u00e3o para dois elementos presentes na narrativa de S\u00e3o Lucas: estupor e ang\u00fastia.<\/p>\n<p>De fato, a fam\u00edlia de Nazar\u00e9 foi \u00e0 Jerusal\u00e9m para a Festa da P\u00e1scoa, mas na viagem de retorno, Maria e Jos\u00e9 percebem que o filho de doze anos n\u00e3o est\u00e1 na caravana, e depois \u201cde tr\u00eas dias de busca e de medo, o encontram no templo, sentado entre os doutores, decidido a discutir com eles\u201d. Maria e Jos\u00e9 ficam &#8220;admirados&#8221; com a cena e Maria diz a Jesus que Jos\u00e9 e ela ficaram angustiados a sua procura.<\/p>\n<p><strong>Estupor<\/strong><\/p>\n<p>Nunca faltou o estupor na fam\u00edlia de Nazar\u00e9 \u2013 explicou o Papa \u2013 que \u00e9 \u201ca capacidade de se maravilhar diante da gradual manifesta\u00e7\u00e3o do Filho de Deus\u201d. Tamb\u00e9m os doutores no templo ficaram admirados &#8220;por sua intelig\u00eancia e suas respostas&#8221;.<\/p>\n<p>Maravilhar-se \u2013 observou Francisco &#8211; \u00e9 o oposto de tomar tudo como certo, de interpretar a realidade que nos rodeia e os acontecimentos da hist\u00f3ria somente segundo os nossos crit\u00e9rios:<\/p>\n<p><i>\u201cMaravilhar-se \u00e9 abrir-se aos outros, compreender as raz\u00f5es dos outros: essa atitude \u00e9 importante para curar relacionamentos comprometidos entre as pessoas e \u00e9 tamb\u00e9m indispens\u00e1vel para curar feridas abertas no \u00e2mbito familiar\u201d.<\/i><\/p>\n<p><strong>Curar as feridas na fam\u00edlia<\/strong><\/p>\n<p>O Papa recordou ent\u00e3o, que quando existem problemas nas fam\u00edlias, n\u00f3s sempre achamos que temos raz\u00e3o e fechamos as portas aos outros, mas dever\u00edamos, pelo contr\u00e1rio, pensar o que a outra pessoa tem de bom e se maravilhar por este &#8220;bom&#8221;. E explicou:<\/p>\n<p><i>&#8220;Isto ajuda a unidade da fam\u00edlia. Se voc\u00eas t\u00eam problemas na fam\u00edlia, pensem nas coisas boas que tem a pessoa da fam\u00edlia com a qual voc\u00eas t\u00eam problemas, e se maravilhem disto. E isto ajudar\u00e1 a curar as feridas familiares&#8221;<\/i>.<\/p>\n<p><strong>Ang\u00fastia<\/strong><\/p>\n<p>O Papa fala ent\u00e3o da ang\u00fastia que Jos\u00e9 e Maria sentiram com a perda do filho, o que \u201cmanifesta a centralidade de Jesus na Sagrada Fam\u00edlia\u201d:<\/p>\n<p>\u201c<i>A Virgem e seu esposo haviam acolhido aquele Filho, eles o protegiam e o viam crescer em idade, sabedoria e gra\u00e7a em meio a eles, mas acima de tudo ele crescia dentro de seus cora\u00e7\u00f5es; e, pouco a pouco, aumentava seu afeto e sua compreens\u00e3o em rela\u00e7\u00e3o a ele\u201d.<\/i><\/p>\n<div>\n<div class=\"article__embed article__embed--border embed_style\">\n<blockquote><p>\u201c Eis porque a fam\u00edlia de Nazar\u00e9 \u00e9 santa: por estar centrada em Jesus, todas as aten\u00e7\u00f5es e solicitudes de Maria e Jos\u00e9 eram dirigidas a ele \u201d<\/p><\/blockquote>\n<\/div>\n<\/div>\n<p>Esta mesma ang\u00fastia de Maria e Jos\u00e9, disse Francisco, deveria ser experimentada tamb\u00e9m por n\u00f3s, \u201cquando estamos distantes dele\u201d:<\/p>\n<p>\u201c<i>Dever\u00edamos ficar angustiados quando por mais de tr\u00eas dias nos esquecemos de Jesus, sem rezar, sem ler o Evangelho, sem sentir a necessidade de sua presen\u00e7a e de sua amizade consoladora\u201d. E tantas vezes passam os dias sem que eu me recorde de Jesus. Mas isso \u00e9 feio, isto \u00e9 muito feio. Dever\u00edamos nos angustiar quando estas coisas acontecem.&#8221;<\/i><\/p>\n<p><strong>Encontrar Jesus na Casa de Deus<\/strong><\/p>\n<p>Assim como Maria e Jos\u00e9 o encontraram no templo ensinando &#8211; ressaltou o santo Padre &#8211;&nbsp; tamb\u00e9m n\u00f3s \u201cpodemos encontrar o divino Mestre e acolher a sua mensagem de salva\u00e7\u00e3o\u201d, na Casa de Deus:<\/p>\n<p>\u201c<i>Na celebra\u00e7\u00e3o eucar\u00edstica, fazemos experi\u00eancia viva de Cristo; Ele nos fala, nos oferece a sua Palavra, nos ilumina, nos ilumina o nosso caminho, nos d\u00e1 o seu corpo na Eucaristia, da qual tiramos for\u00e7a para enfrentar as dificuldades de todos os dias<\/i>\u201d.<\/p>\n<p><strong>Rezar pelas fam\u00edlias onde n\u00e3o h\u00e1 paz<\/strong><\/p>\n<p>Ao concluir, o Santo Padre convidou a todos para rezar \u201cpor todas as fam\u00edlias do mundo, especialmente por aquelas em que, por v\u00e1rias raz\u00f5es, h\u00e1 falta de paz e harmonia. E as confiemos \u00e0 prote\u00e7\u00e3o da Sagrada Fam\u00edlia de Nazar\u00e9\u201d.<\/p>\n<p><strong>Fam\u00edlia, tesouro a ser protegido e defendido<\/strong><\/p>\n<p>Ap\u00f3s rezar o&nbsp;<i>Angelus<\/i>, o Papa saudou os peregrinos, em especial as fam\u00edlias presentes na Pra\u00e7a S\u00e3o Pedro:<\/p>\n<p>&#8220;<i>Hoje dirijo uma sauda\u00e7\u00f5es especial \u00e0s fam\u00edlias aqui presentes. Um aplauso \u00e0s fam\u00edlias que est\u00e3o aqui, todas; e tamb\u00e9m para aquelas que acompanham de casa pela televis\u00e3o e pela r\u00e1dio. A fam\u00edlia \u00e9 um tesouro: \u00e9 preciso proteg\u00ea-la sempre, defend\u00ea-la. Que a Sagrada Fam\u00edlia de Nazar\u00e9 sempre proteja e ilumine o seu caminho<\/i>\u201d.<\/p>\n<p>Antes de despedir-se com o tradicional \u201cbom almo\u00e7o e at\u00e9 logo\u201d, Francisco desejou a todos um \u201csereno final de ano. Acabar o ano com serenidade\u201d, sugeriu. E agradeceu novamente pelas felicita\u00e7\u00f5es de Natal e pelas ora\u00e7\u00f5es recebidas.<\/p>\n<\/div>\n<div class=\"title__separator\"><b>Jackson Erpen \/Vatican News<\/b><\/div>\n","protected":false},"excerpt":{"rendered":"<p>No \u00faltimo Angelus de 2018, o Papa pediu \u00e0s pessoas a perguntarem-se se conseguem se &#8220;maravilhar&#8221; com o que uma pessoa tem de bom e tamb\u00e9m sentir ang\u00fastia ao ficar longe de Jesus.\u201cEis porque a fam\u00edlia de Nazar\u00e9 \u00e9 santa: por estar centrada em Jesus\u201d. Eram \u201cunidos por um amor intenso e animados por uma&nbsp;<\/p>\n<p><a class=\"btn btn-style\" href=\"https:\/\/portalcatolico.net\/portal\/familia-um-tesouro-a-ser-protegido-e-defendido-diz-papa-no-angelus\/\">Continue Reading<\/a><\/p>\n","protected":false},"author":2,"featured_media":62688,"comment_status":"open","ping_status":"open","sticky":false,"template":"","format":"standard","meta":{"footnotes":""},"categories":[5],"tags":[],"class_list":["post-62687","post","type-post","status-publish","format-standard","has-post-thumbnail","hentry","category-igreja_no_mundo"],"_links":{"self":[{"href":"https:\/\/portalcatolico.net\/portal\/wp-json\/wp\/v2\/posts\/62687","targetHints":{"allow":["GET"]}}],"collection":[{"href":"https:\/\/portalcatolico.net\/portal\/wp-json\/wp\/v2\/posts"}],"about":[{"href":"https:\/\/portalcatolico.net\/portal\/wp-json\/wp\/v2\/types\/post"}],"author":[{"embeddable":true,"href":"https:\/\/portalcatolico.net\/portal\/wp-json\/wp\/v2\/users\/2"}],"replies":[{"embeddable":true,"href":"https:\/\/portalcatolico.net\/portal\/wp-json\/wp\/v2\/comments?post=62687"}],"version-history":[{"count":1,"href":"https:\/\/portalcatolico.net\/portal\/wp-json\/wp\/v2\/posts\/62687\/revisions"}],"predecessor-version":[{"id":62689,"href":"https:\/\/portalcatolico.net\/portal\/wp-json\/wp\/v2\/posts\/62687\/revisions\/62689"}],"wp:featuredmedia":[{"embeddable":true,"href":"https:\/\/portalcatolico.net\/portal\/wp-json\/wp\/v2\/media\/62688"}],"wp:attachment":[{"href":"https:\/\/portalcatolico.net\/portal\/wp-json\/wp\/v2\/media?parent=62687"}],"wp:term":[{"taxonomy":"category","embeddable":true,"href":"https:\/\/portalcatolico.net\/portal\/wp-json\/wp\/v2\/categories?post=62687"},{"taxonomy":"post_tag","embeddable":true,"href":"https:\/\/portalcatolico.net\/portal\/wp-json\/wp\/v2\/tags?post=62687"}],"curies":[{"name":"wp","href":"https:\/\/api.w.org\/{rel}","templated":true}]}}