{"id":62678,"date":"2018-12-31T23:51:45","date_gmt":"2019-01-01T02:51:45","guid":{"rendered":"http:\/\/portalcatolico.net\/portal\/?p=62678"},"modified":"2018-12-29T18:53:14","modified_gmt":"2018-12-29T21:53:14","slug":"missa-em-memoria-a-beata-lindalva-justo-de-oliveira-sera-celebrada-no-dia-7-de-janeiro","status":"publish","type":"post","link":"https:\/\/portalcatolico.net\/portal\/missa-em-memoria-a-beata-lindalva-justo-de-oliveira-sera-celebrada-no-dia-7-de-janeiro\/","title":{"rendered":"Missa em mem\u00f3ria \u00e0 Beata Lindalva Justo de Oliveira ser\u00e1 celebrada no dia 7 de janeiro"},"content":{"rendered":"<p>No dia 7 de janeiro a Arquidiocese de Salvador faz mem\u00f3ria \u00e0 Beata Lindalva Justo de Oliveira, assassinada em 1992, no Abrigo Dom Pedro II, localizado pr\u00f3ximo ao Largo de Roma. Para marcar a data, ser\u00e1 celebrada Missa \u00e0s 7h, na Matriz da Par\u00f3quia Sant\u2019Ana (Rio Vermelho).<\/p>\n<p>Voc\u00ea conhece a hist\u00f3ria da Beata Lindalva? Na \u00faltima edi\u00e7\u00e3o da Revista PRIMAZ, a Pastoral da Comunica\u00e7\u00e3o (Pascom) contou um pouco sobre a vida e o mart\u00edrio desta beata. Para que voc\u00ea possa ler ou reler, n\u00f3s reproduzimos abaixo:<\/p>\n<p><strong>Uma hist\u00f3ria de amor e entrega ao servi\u00e7o de Deus<\/strong><\/p>\n<p>A capital baiana \u00e9 uma terra aben\u00e7oada. Nela, pisaram santos, beatos e m\u00e1rtires, pessoas que dedicaram as vidas ao servi\u00e7o do Reino de Deus. Uma destas pessoas \u00e9 a Beata Lindalva Justo de Oliveira, nascida em&#8230;<a href=\"http:\/\/arquidiocesesalvador.org.br\/missa-em-memoria-a-beata-lindalva-justo-de-oliveira-sera-celebrada-no-dia-7-de-janeiro\/\"><strong>Continue lendo<\/strong><\/a><\/p>\n","protected":false},"excerpt":{"rendered":"<p>No dia 7 de janeiro a Arquidiocese de Salvador faz mem\u00f3ria \u00e0 Beata Lindalva Justo de Oliveira, assassinada em 1992, no Abrigo Dom Pedro II, localizado pr\u00f3ximo ao Largo de Roma. Para marcar a data, ser\u00e1 celebrada Missa \u00e0s 7h, na Matriz da Par\u00f3quia Sant\u2019Ana (Rio Vermelho). Voc\u00ea conhece a hist\u00f3ria da Beata Lindalva? Na&nbsp;<\/p>\n<p><a class=\"btn btn-style\" href=\"https:\/\/portalcatolico.net\/portal\/missa-em-memoria-a-beata-lindalva-justo-de-oliveira-sera-celebrada-no-dia-7-de-janeiro\/\">Continue Reading<\/a><\/p>\n","protected":false},"author":2,"featured_media":62679,"comment_status":"open","ping_status":"open","sticky":false,"template":"","format":"standard","meta":{"footnotes":""},"categories":[3],"tags":[],"class_list":["post-62678","post","type-post","status-publish","format-standard","has-post-thumbnail","hentry","category-noticias_regionais"],"_links":{"self":[{"href":"https:\/\/portalcatolico.net\/portal\/wp-json\/wp\/v2\/posts\/62678","targetHints":{"allow":["GET"]}}],"collection":[{"href":"https:\/\/portalcatolico.net\/portal\/wp-json\/wp\/v2\/posts"}],"about":[{"href":"https:\/\/portalcatolico.net\/portal\/wp-json\/wp\/v2\/types\/post"}],"author":[{"embeddable":true,"href":"https:\/\/portalcatolico.net\/portal\/wp-json\/wp\/v2\/users\/2"}],"replies":[{"embeddable":true,"href":"https:\/\/portalcatolico.net\/portal\/wp-json\/wp\/v2\/comments?post=62678"}],"version-history":[{"count":1,"href":"https:\/\/portalcatolico.net\/portal\/wp-json\/wp\/v2\/posts\/62678\/revisions"}],"predecessor-version":[{"id":62680,"href":"https:\/\/portalcatolico.net\/portal\/wp-json\/wp\/v2\/posts\/62678\/revisions\/62680"}],"wp:featuredmedia":[{"embeddable":true,"href":"https:\/\/portalcatolico.net\/portal\/wp-json\/wp\/v2\/media\/62679"}],"wp:attachment":[{"href":"https:\/\/portalcatolico.net\/portal\/wp-json\/wp\/v2\/media?parent=62678"}],"wp:term":[{"taxonomy":"category","embeddable":true,"href":"https:\/\/portalcatolico.net\/portal\/wp-json\/wp\/v2\/categories?post=62678"},{"taxonomy":"post_tag","embeddable":true,"href":"https:\/\/portalcatolico.net\/portal\/wp-json\/wp\/v2\/tags?post=62678"}],"curies":[{"name":"wp","href":"https:\/\/api.w.org\/{rel}","templated":true}]}}