{"id":53863,"date":"2018-04-02T05:57:59","date_gmt":"2018-04-02T08:57:59","guid":{"rendered":"http:\/\/portalcatolico.net\/portal\/?p=53863"},"modified":"2018-04-02T05:57:59","modified_gmt":"2018-04-02T08:57:59","slug":"jovens-da-paroquia-santa-rita-de-cassia-preparam-o-2o-festival-de-cachorro-quente-em-itabuna","status":"publish","type":"post","link":"https:\/\/portalcatolico.net\/portal\/jovens-da-paroquia-santa-rita-de-cassia-preparam-o-2o-festival-de-cachorro-quente-em-itabuna\/","title":{"rendered":"Jovens da Par\u00f3quia Santa Rita de C\u00e1ssia preparam o 2\u00ba Festival de cachorro-quente em Itabuna"},"content":{"rendered":"<p class=\"m_8600216925122592855xgmail-msonospacing\"><em>A juventude do EJC da Par\u00f3quia Santa Rita de C\u00e1ssia, em Itabuna, estar\u00e1 realizando no dia 14 de abril nas depend\u00eancias da Igreja matriz, o tradicional\u00a0\u00a0Festival de cachorro- quente, em prol do 7\u00b0 Encontro de Jovens com Cristo, o \u201cEJC S\u00e3o Caetano\u201d.\u00a0\u00a0<u><\/u><u><\/u><\/em><\/p>\n<p class=\"m_8600216925122592855xgmail-msonospacing\"><em>O evento ter\u00e1 in\u00edcio \u00e0s 16h. Confira como ser\u00e3o vendidos os cachorros-quentes:<u><\/u><u><\/u><\/em><\/p>\n<p class=\"m_8600216925122592855xgmail-msonospacing\"><u><\/u>\u00a0<em><strong>COMBO 1<\/strong>: sendo dois cachorro- quentes, mais um copo de refrigerante,\u00a0por 5 reais.<\/em><u><\/u><u><\/u><\/p>\n<p class=\"m_8600216925122592855xgmail-msonospacing\"><em><strong>COMBO 2<\/strong>: sendo dois cachorro- quentes mais<\/em><em>,<\/em><em>\u00a0um copo de refrigerante e\u00a0<\/em><em>um\u00a0<\/em><em>brigadeiro<\/em><em>,<\/em><em>\u00a0por 7 reais.<\/em><u><\/u><u><\/u><\/p>\n<p class=\"m_8600216925122592855xgmail-msonospacing\"><em><strong>COMBO 3<\/strong>: sendo\u00a0\u00a0dois cachorro- quentes<\/em><em>,<\/em><em>\u00a0mais\u00a0<\/em><em>um\u00a0<\/em><em>copo de\u00a0<\/em><em>refrigerante e<\/em><em>\u00a0um mousse por apenas 8 reais.<u><\/u><u><\/u><\/em><\/p>\n<p class=\"m_8600216925122592855xgmail-msonospacing\"><em>Participe!<\/em><\/p>\n<p class=\"m_8600216925122592855xgmail-msonospacing\">Texto:Reda\u00e7\u00e3o Portal Cat\u00f3lico<\/p>\n","protected":false},"excerpt":{"rendered":"<p>A juventude do EJC da Par\u00f3quia Santa Rita de C\u00e1ssia, em Itabuna, estar\u00e1 realizando no dia 14 de abril nas depend\u00eancias da Igreja matriz, o tradicional\u00a0\u00a0Festival de cachorro- quente, em prol do 7\u00b0 Encontro de Jovens com Cristo, o \u201cEJC S\u00e3o Caetano\u201d.\u00a0\u00a0 O evento ter\u00e1 in\u00edcio \u00e0s 16h. Confira como ser\u00e3o vendidos os cachorros-quentes: \u00a0COMBO&nbsp;<\/p>\n<p><a class=\"btn btn-style\" href=\"https:\/\/portalcatolico.net\/portal\/jovens-da-paroquia-santa-rita-de-cassia-preparam-o-2o-festival-de-cachorro-quente-em-itabuna\/\">Continue Reading<\/a><\/p>\n","protected":false},"author":2,"featured_media":53864,"comment_status":"open","ping_status":"open","sticky":false,"template":"","format":"standard","meta":{"footnotes":""},"categories":[1],"tags":[],"class_list":["post-53863","post","type-post","status-publish","format-standard","has-post-thumbnail","hentry","category-agenda"],"_links":{"self":[{"href":"https:\/\/portalcatolico.net\/portal\/wp-json\/wp\/v2\/posts\/53863","targetHints":{"allow":["GET"]}}],"collection":[{"href":"https:\/\/portalcatolico.net\/portal\/wp-json\/wp\/v2\/posts"}],"about":[{"href":"https:\/\/portalcatolico.net\/portal\/wp-json\/wp\/v2\/types\/post"}],"author":[{"embeddable":true,"href":"https:\/\/portalcatolico.net\/portal\/wp-json\/wp\/v2\/users\/2"}],"replies":[{"embeddable":true,"href":"https:\/\/portalcatolico.net\/portal\/wp-json\/wp\/v2\/comments?post=53863"}],"version-history":[{"count":1,"href":"https:\/\/portalcatolico.net\/portal\/wp-json\/wp\/v2\/posts\/53863\/revisions"}],"predecessor-version":[{"id":53865,"href":"https:\/\/portalcatolico.net\/portal\/wp-json\/wp\/v2\/posts\/53863\/revisions\/53865"}],"wp:featuredmedia":[{"embeddable":true,"href":"https:\/\/portalcatolico.net\/portal\/wp-json\/wp\/v2\/media\/53864"}],"wp:attachment":[{"href":"https:\/\/portalcatolico.net\/portal\/wp-json\/wp\/v2\/media?parent=53863"}],"wp:term":[{"taxonomy":"category","embeddable":true,"href":"https:\/\/portalcatolico.net\/portal\/wp-json\/wp\/v2\/categories?post=53863"},{"taxonomy":"post_tag","embeddable":true,"href":"https:\/\/portalcatolico.net\/portal\/wp-json\/wp\/v2\/tags?post=53863"}],"curies":[{"name":"wp","href":"https:\/\/api.w.org\/{rel}","templated":true}]}}