{"id":53853,"date":"2018-04-01T23:22:39","date_gmt":"2018-04-02T02:22:39","guid":{"rendered":"http:\/\/portalcatolico.net\/portal\/?p=53853"},"modified":"2018-04-01T23:26:45","modified_gmt":"2018-04-02T02:26:45","slug":"catolicos-celebram-a-ressurreicao-de-cristo-em-missa-na-paroquia-santa-rita-de-cassia","status":"publish","type":"post","link":"https:\/\/portalcatolico.net\/portal\/catolicos-celebram-a-ressurreicao-de-cristo-em-missa-na-paroquia-santa-rita-de-cassia\/","title":{"rendered":"Cat\u00f3licos celebram a Ressurrei\u00e7\u00e3o de Cristo em missa na Par\u00f3quia Santa Rita de C\u00e1ssia"},"content":{"rendered":"<p style=\"font-weight: 400;\"><em>O mundo todo celebrou a Ressurrei\u00e7\u00e3o de Jesus Cristo neste domingo, 1\u00ba de abril. Em Itabuna, n\u00e3o foi diferentes! Centenas de cat\u00f3licos estiveram presentes na Missa de Ressurrei\u00e7\u00e3o realizada na manh\u00e3 de hoje na igreja matriz de Santa Rita de C\u00e1ssia, no bairro S\u00e3o Caetano.<\/em><\/p>\n<p style=\"font-weight: 400;\"><em>A missa foi presidida pelo p\u00e1roco, o Frei Jos\u00e9 Genilton, e concelebrada pelo Frei Anailton Brito.<\/em><\/p>\n<p style=\"font-weight: 400;\">\u00a0\u201cEle est\u00e1 vivo! Ele \u00e9 Senhor dos vivos e dos mortos. Na noite mais clara que o dia,\u00a0a Palavra de Deus chama a uma vida imortal o homem novo: Jesus Nazar\u00e9!\u201d, declarou o frei Genilton.<\/p>\n<p style=\"font-weight: 400;\"><em>Na oportunidade, Frei Genilton falou sobre o per\u00edodo mais importante vivido na Igreja Cat\u00f3lica, pois durante 40 dias, os crist\u00e3os cat\u00f3licos vivenciaram o &#8220;deserto&#8221; experimentado por Cristo, atrav\u00e9s da<img loading=\"lazy\" decoding=\"async\" class=\" wp-image-53856 alignright\" src=\"http:\/\/portalcatolico.net\/portal\/wp-content\/uploads\/2018\/04\/5-300x225.jpg\" alt=\"5\" width=\"226\" height=\"169\" srcset=\"https:\/\/portalcatolico.net\/portal\/wp-content\/uploads\/2018\/04\/5-300x225.jpg 300w, https:\/\/portalcatolico.net\/portal\/wp-content\/uploads\/2018\/04\/5-768x576.jpg 768w, https:\/\/portalcatolico.net\/portal\/wp-content\/uploads\/2018\/04\/5.jpg 1000w\" sizes=\"auto, (max-width: 226px) 100vw, 226px\" \/> pr\u00e1tica do jejum, penit\u00eancia, ora\u00e7\u00e3o e caridade.\u00a0Sobre este momento singular no ano, ele disse:\u00a0<\/em>\u201cEle est\u00e1 vivo! Ele \u00e9 Senhor dos vivos e dos mortos. Na noite mais clara que o dia,\u00a0a Palavra de Deus chama a uma vida imortal o homem novo: Jesus Nazar\u00e9!\u201d, declarou o Frei Jos\u00e9 Genilton.<\/p>\n<p style=\"font-weight: 400;\">Os cat\u00f3licos celebraram a\u00a0Ressurrei\u00e7\u00e3o de Jesus. Esse\u00a0\u00e9 o nome dado \u00e0 f\u00e9 crist\u00e3 de que\u00a0Jesus\u00a0Cristo retornou \u00e0 vida no domingo seguinte \u00e0 sexta-feira na qual ele foi crucificado. \u00c9 uma doutrina central da f\u00e9 e da teologia crist\u00e3 e parte do Credo Niceno: Ressuscitou\u00a0dos mortos ao terceiro dia, conforme as Escrituras.<\/p>\n<p style=\"font-weight: 400;\">Texto:Reda\u00e7\u00e3o Portal Cat\u00f3lico<\/p>\n<p style=\"font-weight: 400;\"><img loading=\"lazy\" decoding=\"async\" class=\"alignnone size-medium wp-image-53858\" src=\"http:\/\/portalcatolico.net\/portal\/wp-content\/uploads\/2018\/04\/13-300x225.jpg\" alt=\"13\" width=\"300\" height=\"225\" srcset=\"https:\/\/portalcatolico.net\/portal\/wp-content\/uploads\/2018\/04\/13-300x225.jpg 300w, https:\/\/portalcatolico.net\/portal\/wp-content\/uploads\/2018\/04\/13-768x576.jpg 768w, https:\/\/portalcatolico.net\/portal\/wp-content\/uploads\/2018\/04\/13.jpg 1000w\" sizes=\"auto, (max-width: 300px) 100vw, 300px\" \/><img loading=\"lazy\" decoding=\"async\" class=\"alignnone size-medium wp-image-53859\" src=\"http:\/\/portalcatolico.net\/portal\/wp-content\/uploads\/2018\/04\/3-300x225.jpg\" alt=\"3\" width=\"300\" height=\"225\" srcset=\"https:\/\/portalcatolico.net\/portal\/wp-content\/uploads\/2018\/04\/3-300x225.jpg 300w, https:\/\/portalcatolico.net\/portal\/wp-content\/uploads\/2018\/04\/3-768x576.jpg 768w, https:\/\/portalcatolico.net\/portal\/wp-content\/uploads\/2018\/04\/3.jpg 1000w\" sizes=\"auto, (max-width: 300px) 100vw, 300px\" \/><img loading=\"lazy\" decoding=\"async\" class=\"alignnone size-medium wp-image-53860\" src=\"http:\/\/portalcatolico.net\/portal\/wp-content\/uploads\/2018\/04\/6-300x225.jpg\" alt=\"6\" width=\"300\" height=\"225\" srcset=\"https:\/\/portalcatolico.net\/portal\/wp-content\/uploads\/2018\/04\/6-300x225.jpg 300w, https:\/\/portalcatolico.net\/portal\/wp-content\/uploads\/2018\/04\/6-768x576.jpg 768w, https:\/\/portalcatolico.net\/portal\/wp-content\/uploads\/2018\/04\/6.jpg 1000w\" sizes=\"auto, (max-width: 300px) 100vw, 300px\" \/><img loading=\"lazy\" decoding=\"async\" class=\"alignnone size-medium wp-image-53861\" src=\"http:\/\/portalcatolico.net\/portal\/wp-content\/uploads\/2018\/04\/12-300x225.jpg\" alt=\"12\" width=\"300\" height=\"225\" srcset=\"https:\/\/portalcatolico.net\/portal\/wp-content\/uploads\/2018\/04\/12-300x225.jpg 300w, https:\/\/portalcatolico.net\/portal\/wp-content\/uploads\/2018\/04\/12-768x576.jpg 768w, https:\/\/portalcatolico.net\/portal\/wp-content\/uploads\/2018\/04\/12.jpg 1000w\" sizes=\"auto, (max-width: 300px) 100vw, 300px\" \/><\/p>\n","protected":false},"excerpt":{"rendered":"<p>O mundo todo celebrou a Ressurrei\u00e7\u00e3o de Jesus Cristo neste domingo, 1\u00ba de abril. Em Itabuna, n\u00e3o foi diferentes! Centenas de cat\u00f3licos estiveram presentes na Missa de Ressurrei\u00e7\u00e3o realizada na manh\u00e3 de hoje na igreja matriz de Santa Rita de C\u00e1ssia, no bairro S\u00e3o Caetano. A missa foi presidida pelo p\u00e1roco, o Frei Jos\u00e9 Genilton,&nbsp;<\/p>\n<p><a class=\"btn btn-style\" href=\"https:\/\/portalcatolico.net\/portal\/catolicos-celebram-a-ressurreicao-de-cristo-em-missa-na-paroquia-santa-rita-de-cassia\/\">Continue Reading<\/a><\/p>\n","protected":false},"author":2,"featured_media":53854,"comment_status":"open","ping_status":"open","sticky":false,"template":"","format":"standard","meta":{"footnotes":""},"categories":[68],"tags":[],"class_list":["post-53853","post","type-post","status-publish","format-standard","has-post-thumbnail","hentry","category-homilias"],"_links":{"self":[{"href":"https:\/\/portalcatolico.net\/portal\/wp-json\/wp\/v2\/posts\/53853","targetHints":{"allow":["GET"]}}],"collection":[{"href":"https:\/\/portalcatolico.net\/portal\/wp-json\/wp\/v2\/posts"}],"about":[{"href":"https:\/\/portalcatolico.net\/portal\/wp-json\/wp\/v2\/types\/post"}],"author":[{"embeddable":true,"href":"https:\/\/portalcatolico.net\/portal\/wp-json\/wp\/v2\/users\/2"}],"replies":[{"embeddable":true,"href":"https:\/\/portalcatolico.net\/portal\/wp-json\/wp\/v2\/comments?post=53853"}],"version-history":[{"count":3,"href":"https:\/\/portalcatolico.net\/portal\/wp-json\/wp\/v2\/posts\/53853\/revisions"}],"predecessor-version":[{"id":53862,"href":"https:\/\/portalcatolico.net\/portal\/wp-json\/wp\/v2\/posts\/53853\/revisions\/53862"}],"wp:featuredmedia":[{"embeddable":true,"href":"https:\/\/portalcatolico.net\/portal\/wp-json\/wp\/v2\/media\/53854"}],"wp:attachment":[{"href":"https:\/\/portalcatolico.net\/portal\/wp-json\/wp\/v2\/media?parent=53853"}],"wp:term":[{"taxonomy":"category","embeddable":true,"href":"https:\/\/portalcatolico.net\/portal\/wp-json\/wp\/v2\/categories?post=53853"},{"taxonomy":"post_tag","embeddable":true,"href":"https:\/\/portalcatolico.net\/portal\/wp-json\/wp\/v2\/tags?post=53853"}],"curies":[{"name":"wp","href":"https:\/\/api.w.org\/{rel}","templated":true}]}}