{"id":53850,"date":"2018-04-01T21:08:24","date_gmt":"2018-04-02T00:08:24","guid":{"rendered":"http:\/\/portalcatolico.net\/portal\/?p=53850"},"modified":"2018-04-01T21:08:24","modified_gmt":"2018-04-02T00:08:24","slug":"fieis-da-paroquia-de-santa-rita-de-cassia-em-itabuna-participam-do-ultimo-dia-do-triduo-pascal","status":"publish","type":"post","link":"https:\/\/portalcatolico.net\/portal\/fieis-da-paroquia-de-santa-rita-de-cassia-em-itabuna-participam-do-ultimo-dia-do-triduo-pascal\/","title":{"rendered":"Fieis da Par\u00f3quia de Santa Rita de C\u00e1ssia em Itabuna participam do \u00faltimo dia do Tr\u00edduo Pascal"},"content":{"rendered":"<p class=\"m_-8727089868729537356xgmail-msonospacing\"><em>A principal celebra\u00e7\u00e3o deste\u00a0\u00a0s\u00e1bado santo foi\u00a0\u00a0a Vig\u00edlia Pascal, cerim\u00f4nia onde os fieis esperam pela ressurrei\u00e7\u00e3o de Jesus Cristo.<\/em><u><\/u><u><\/u><\/p>\n<p class=\"m_-8727089868729537356xgmail-msonospacing\"><em>A celebra\u00e7\u00e3o do \u00faltimo dia do\u00a0Tr\u00edduo Pascal, ocorrido neste 31 de mar\u00e7o, iniciou \u00e0s 19h, do lado de fora da igreja matriz de Santa Rita de C\u00e1ssia . Uma pequena fogueira foi acesa para realizar a\u00a0Ben\u00e7\u00e3o do Fogo Novo\u00a0e ap\u00f3s este ritual repleto de simbologias, o C\u00edrio Pascal foi aceso, com muita alegria.<\/em><u><\/u><u><\/u><\/p>\n<p class=\"m_-8727089868729537356xgmail-msonospacing\"><em>Ap\u00f3s a celebra\u00e7\u00e3o, o p\u00e1roco da Igreja matriz, o Frei Jos\u00e9\u00a0<\/em><em>Genilton<\/em><em>,<\/em><em>\u00a0convidou os quatro coordenadores das comunidades\u00a0\u00a0e fez a entrega do c\u00edrio pascal<\/em><em>\u00a0.<u><\/u><u><\/u><\/em><\/p>\n<p class=\"m_-8727089868729537356xgmail-msonospacing\"><em>Os\u00a0 quatro ritos da celebra\u00e7\u00e3o que comp\u00f5em a liturgia da Vig\u00edlia Pascal s\u00e3o: a b\u00ean\u00e7\u00e3o do fogo novo e do c\u00edrio pascal, a liturgia da Palavra, a renova\u00e7\u00e3o das promessas do Batismo e, por fim, a\u00a0<\/em><em>celebra\u00e7\u00e3o<\/em><em>\u00a0da Santa Eucaristia.<u><\/u><u><\/u><\/em><\/p>\n<p class=\"m_-8727089868729537356xgmail-msonospacing\"><em>\u201cHoje temos que agradecer a Deus pela Ressurrei\u00e7\u00e3o do nosso Cristo que \u00e9 a presen\u00e7a viva da Eucaristia\u201d, finalizou o frei.<\/em><\/p>\n","protected":false},"excerpt":{"rendered":"<p>A principal celebra\u00e7\u00e3o deste\u00a0\u00a0s\u00e1bado santo foi\u00a0\u00a0a Vig\u00edlia Pascal, cerim\u00f4nia onde os fieis esperam pela ressurrei\u00e7\u00e3o de Jesus Cristo. A celebra\u00e7\u00e3o do \u00faltimo dia do\u00a0Tr\u00edduo Pascal, ocorrido neste 31 de mar\u00e7o, iniciou \u00e0s 19h, do lado de fora da igreja matriz de Santa Rita de C\u00e1ssia . Uma pequena fogueira foi acesa para realizar a\u00a0Ben\u00e7\u00e3o do&nbsp;<\/p>\n<p><a class=\"btn btn-style\" href=\"https:\/\/portalcatolico.net\/portal\/fieis-da-paroquia-de-santa-rita-de-cassia-em-itabuna-participam-do-ultimo-dia-do-triduo-pascal\/\">Continue Reading<\/a><\/p>\n","protected":false},"author":2,"featured_media":53851,"comment_status":"open","ping_status":"open","sticky":false,"template":"","format":"standard","meta":{"footnotes":""},"categories":[68],"tags":[],"class_list":["post-53850","post","type-post","status-publish","format-standard","has-post-thumbnail","hentry","category-homilias"],"_links":{"self":[{"href":"https:\/\/portalcatolico.net\/portal\/wp-json\/wp\/v2\/posts\/53850","targetHints":{"allow":["GET"]}}],"collection":[{"href":"https:\/\/portalcatolico.net\/portal\/wp-json\/wp\/v2\/posts"}],"about":[{"href":"https:\/\/portalcatolico.net\/portal\/wp-json\/wp\/v2\/types\/post"}],"author":[{"embeddable":true,"href":"https:\/\/portalcatolico.net\/portal\/wp-json\/wp\/v2\/users\/2"}],"replies":[{"embeddable":true,"href":"https:\/\/portalcatolico.net\/portal\/wp-json\/wp\/v2\/comments?post=53850"}],"version-history":[{"count":1,"href":"https:\/\/portalcatolico.net\/portal\/wp-json\/wp\/v2\/posts\/53850\/revisions"}],"predecessor-version":[{"id":53852,"href":"https:\/\/portalcatolico.net\/portal\/wp-json\/wp\/v2\/posts\/53850\/revisions\/53852"}],"wp:featuredmedia":[{"embeddable":true,"href":"https:\/\/portalcatolico.net\/portal\/wp-json\/wp\/v2\/media\/53851"}],"wp:attachment":[{"href":"https:\/\/portalcatolico.net\/portal\/wp-json\/wp\/v2\/media?parent=53850"}],"wp:term":[{"taxonomy":"category","embeddable":true,"href":"https:\/\/portalcatolico.net\/portal\/wp-json\/wp\/v2\/categories?post=53850"},{"taxonomy":"post_tag","embeddable":true,"href":"https:\/\/portalcatolico.net\/portal\/wp-json\/wp\/v2\/tags?post=53850"}],"curies":[{"name":"wp","href":"https:\/\/api.w.org\/{rel}","templated":true}]}}