{"id":53847,"date":"2018-04-01T14:21:35","date_gmt":"2018-04-01T17:21:35","guid":{"rendered":"http:\/\/portalcatolico.net\/portal\/?p=53847"},"modified":"2018-04-01T14:21:35","modified_gmt":"2018-04-01T17:21:35","slug":"tema-da-campanha-da-fraternidade-continua-urgente-depois-da-quaresma","status":"publish","type":"post","link":"https:\/\/portalcatolico.net\/portal\/tema-da-campanha-da-fraternidade-continua-urgente-depois-da-quaresma\/","title":{"rendered":"Tema da Campanha da Fraternidade continua urgente depois da Quaresma"},"content":{"rendered":"<p>Oficialmente, a Campanha da Fraternidade de 2018 terminou. O tema, no entanto, permanece sendo desafio de todos os dias, considerando a realidade da viol\u00eancia e a necessidade urgente de sua supera\u00e7\u00e3o. O Portal a12.com traz, por exemplo, uma provoca\u00e7\u00e3o importante sobre a viol\u00eancia cometida contra os jovens. Leia:<\/p>\n<p>\u201c<em>Ao longo de 24 anos (1980-2014), o n\u00famero de homic\u00eddios por arma de fogo cresceu quase 600%.\u00a0<b>Se considerarmos apenas as v\u00edtimas jovens este n\u00famero apresenta um aumento de aproximadamente 700%<\/b>. Os dados apontam para o fato de que a dissemina\u00e7\u00e3o das armas de fogo parece estar estreitamente ligada \u00e0 viol\u00eancia envolvendo jovens. Os n\u00fameros mostram que o n\u00famero de assassinato de jovens<b>\u00a0ultrapassa os limites de politicas de seguran\u00e7a\u00a0<\/b>e se transformam em um problema de sa\u00fade p\u00fablica e de civilidade.<\/em><\/p>\n<p><em>Um outro levantamento, de 2015, aponta que pouco mais de\u00a0<b>80% dos homic\u00eddios de crian\u00e7as e jovens entre 0 e 19 anos foram cometidos com armas de fogo<\/b>. A Regi\u00e3o Nordeste concentra a maior propor\u00e7\u00e3o de homic\u00eddios de crian\u00e7as e jovens por armas de fogo e supera a propor\u00e7\u00e3o nacional.<\/em><\/p>\n<p><em>A\u00ed voc\u00ea se pergunta:\u00a0<b>O que eu efetivamente posso fazer para ajudar a mudar essa realidade?\u00a0<\/b>A CF nos provoca a sermos construtores da paz e gestores da fraternidade. A tem\u00e1tica deste ano nos convida a enfrentarmos a viol\u00eancia conclamando a todos a assumir o Estatuto do Desarmamento, o Estatuto da Crian\u00e7a e do Adolescente (ECA), as Defensorias p\u00fablicas, os Direitos Humanos como iniciativas sociais que enfrentam a viol\u00eancia. Temos em m\u00e3os in\u00fameras ferramentas que nos auxiliam para que sejamos agentes ativos a favor da preserva\u00e7\u00e3o da vida<\/em>\u201c.<\/p>\n<p><em>(Foto e texto: Portal a12.com)<\/em><\/p>\n","protected":false},"excerpt":{"rendered":"<p>Oficialmente, a Campanha da Fraternidade de 2018 terminou. O tema, no entanto, permanece sendo desafio de todos os dias, considerando a realidade da viol\u00eancia e a necessidade urgente de sua supera\u00e7\u00e3o. O Portal a12.com traz, por exemplo, uma provoca\u00e7\u00e3o importante sobre a viol\u00eancia cometida contra os jovens. Leia: \u201cAo longo de 24 anos (1980-2014), o&nbsp;<\/p>\n<p><a class=\"btn btn-style\" href=\"https:\/\/portalcatolico.net\/portal\/tema-da-campanha-da-fraternidade-continua-urgente-depois-da-quaresma\/\">Continue Reading<\/a><\/p>\n","protected":false},"author":2,"featured_media":53848,"comment_status":"open","ping_status":"open","sticky":false,"template":"","format":"standard","meta":{"footnotes":""},"categories":[3],"tags":[],"class_list":["post-53847","post","type-post","status-publish","format-standard","has-post-thumbnail","hentry","category-noticias_regionais"],"_links":{"self":[{"href":"https:\/\/portalcatolico.net\/portal\/wp-json\/wp\/v2\/posts\/53847","targetHints":{"allow":["GET"]}}],"collection":[{"href":"https:\/\/portalcatolico.net\/portal\/wp-json\/wp\/v2\/posts"}],"about":[{"href":"https:\/\/portalcatolico.net\/portal\/wp-json\/wp\/v2\/types\/post"}],"author":[{"embeddable":true,"href":"https:\/\/portalcatolico.net\/portal\/wp-json\/wp\/v2\/users\/2"}],"replies":[{"embeddable":true,"href":"https:\/\/portalcatolico.net\/portal\/wp-json\/wp\/v2\/comments?post=53847"}],"version-history":[{"count":1,"href":"https:\/\/portalcatolico.net\/portal\/wp-json\/wp\/v2\/posts\/53847\/revisions"}],"predecessor-version":[{"id":53849,"href":"https:\/\/portalcatolico.net\/portal\/wp-json\/wp\/v2\/posts\/53847\/revisions\/53849"}],"wp:featuredmedia":[{"embeddable":true,"href":"https:\/\/portalcatolico.net\/portal\/wp-json\/wp\/v2\/media\/53848"}],"wp:attachment":[{"href":"https:\/\/portalcatolico.net\/portal\/wp-json\/wp\/v2\/media?parent=53847"}],"wp:term":[{"taxonomy":"category","embeddable":true,"href":"https:\/\/portalcatolico.net\/portal\/wp-json\/wp\/v2\/categories?post=53847"},{"taxonomy":"post_tag","embeddable":true,"href":"https:\/\/portalcatolico.net\/portal\/wp-json\/wp\/v2\/tags?post=53847"}],"curies":[{"name":"wp","href":"https:\/\/api.w.org\/{rel}","templated":true}]}}