{"id":53844,"date":"2018-04-01T14:17:56","date_gmt":"2018-04-01T17:17:56","guid":{"rendered":"http:\/\/portalcatolico.net\/portal\/?p=53844"},"modified":"2018-04-01T14:17:56","modified_gmt":"2018-04-01T17:17:56","slug":"os-votos-de-paz-do-papa-ao-mundo-na-bencao-urbi-et-orbi","status":"publish","type":"post","link":"https:\/\/portalcatolico.net\/portal\/os-votos-de-paz-do-papa-ao-mundo-na-bencao-urbi-et-orbi\/","title":{"rendered":"Os votos de paz do Papa ao mundo, na B\u00ean\u00e7\u00e3o Urbi et Orbi"},"content":{"rendered":"<div class=\"article__subTitle\">&#8220;A morte, a solid\u00e3o e o medo j\u00e1 n\u00e3o s\u00e3o a \u00faltima palavra. H\u00e1 uma palavra que vem depois e que s\u00f3 Deus pode pronunciar: \u00e9 a palavra da Ressurrei\u00e7\u00e3o&#8221;. Foi de esperan\u00e7a a mensagem do Santo Padre para este Domingo de P\u00e1scoa, ao recordar os tantos dramas que martirizam popula\u00e7\u00f5es em diversas partes do mundo.<\/div>\n<div class=\"title__separator\"><\/div>\n<div class=\"article__text\">\n<p>Exorta\u00e7\u00e3o ao di\u00e1logo e pedidos de frutos de paz para o mundo inteiro, a come\u00e7ar pela \u201cmartirizada S\u00edria\u201d, Terra Santa, continente africano, pen\u00ednsula coreana, Ucr\u00e2nia, Venezuela, as crian\u00e7as e os idosos.<\/p>\n<p>Os dramas vividos por milh\u00f5es de pessoas em cada uma destas partes do globo foram recordados pelo Papa Francisco em sua mensagem\u00a0<i>Urbi et Orbi<\/i>\u00a0na P\u00e1scoa da Ressurrei\u00e7\u00e3o. Mas mesmo diante disto,\u00a0 existe a esperan\u00e7a, pois &#8220;a morte, a solid\u00e3o e o medo n\u00e3o t\u00eam a \u00faltima palavra&#8221;.<\/p>\n<p>&nbsp;<\/p>\n<p>Jesus, Morto pelo pecado do mundo, permaneceu dois dias no sepulcro, mas na sua morte estava contido todo o poder do amor de Deus, e \u201cn\u00f3s crist\u00e3os, acreditamos e sabemos que a ressurrei\u00e7\u00e3o de Cristo \u00e9 a verdadeira esperan\u00e7a do mundo, aquela que n\u00e3o desilude\u201d, disse o Santo Padre.<\/p>\n<p>\u201c<i>\u00c9 a for\u00e7a do gr\u00e3o de trigo, a do amor que se humilha e oferece at\u00e9 ao fim e que verdadeiramente renova o mundo. Esta for\u00e7a d\u00e1 fruto tamb\u00e9m hoje nos sulcos da nossa hist\u00f3ria, marcada por tantas injusti\u00e7as e viol\u00eancias. D\u00e1 frutos de esperan\u00e7a e dignidade onde h\u00e1 mis\u00e9ria e exclus\u00e3o, onde h\u00e1 fome e falta trabalho, no meio dos deslocados e refugiados \u2013 frequentemente rejeitados pela cultura atual do descarte \u2013 das v\u00edtimas do narcotr\u00e1fico, do tr\u00e1fico de pessoas e da escravid\u00e3o dos nossos tempos\u201d.<\/i><\/p>\n<h2>S\u00edria<\/h2>\n<h2><\/h2>\n<p>Ao recordar da \u201camada e martirizada S\u00edria, cuja popula\u00e7\u00e3o est\u00e1 exausta por uma guerra que n\u00e3o v\u00ea fim\u201d, o Pont\u00edfice pediu que \u201ca luz de Cristo Ressuscitado ilumine as consci\u00eancias de todos os respons\u00e1veis pol\u00edticos e militares, para que coloquem fim imediatamente ao exterm\u00ednio em andamento\u201d, respeitando o direito humanit\u00e1rio e facilitando o acesso das ajudas humanit\u00e1rias aos \u201cnossos irm\u00e3os e irm\u00e3s que t\u00eam necessidade urgente\u201d e assegurando condi\u00e7\u00f5es adequadas para o retorno dos deslocados.<\/p>\n<h2>Terra Santa<\/h2>\n<h2><\/h2>\n<p>O Papa desejou \u201cfrutos de reconcilia\u00e7\u00e3o\u201d para o I\u00eamen, o Oriente M\u00e9dio, para a Terra Santa &#8211; \u201ctamb\u00e9m nestes dias ferida por conflitos\u201d que n\u00e3o poupam os inocentes \u2013 pedindo que \u201co di\u00e1logo e o respeito rec\u00edproco prevale\u00e7am sobre as divis\u00f5es e sobre a viol\u00eancia\u201d e que \u201cnossos irm\u00e3os em Cristo, que n\u00e3o raro sofrem abusos e persegui\u00e7\u00f5es, possam ser testemunhos luminosos do Ressuscitado e da vit\u00f3ria do bem sobre o mal\u201d.<\/p>\n<h2>\u00c1frica<\/h2>\n<h2><\/h2>\n<p>\u201cFrutos de esperan\u00e7a\u201d foi a s\u00faplica do Santo Padre pelas popula\u00e7\u00f5es do continente africano que anseiam por uma vida mais digna, em particular nas \u00e1reas afetadas \u201cpela fome, por conflito end\u00eamicos e pelo terrorismo\u201d.<\/p>\n<p>Neste continente, o Papa citou o Sud\u00e3o do Sul, pedindo que \u201ca paz do Ressuscitado cure as feridas, abra os cora\u00e7\u00f5es ao di\u00e1logo e \u00e0 compreens\u00e3o rec\u00edproca\u201d.<\/p>\n<p>\u201cN\u00e3o esque\u00e7amos as v\u00edtimas deste conflito, especialmente as crian\u00e7as!\u201d sublinhou, pedindo que \u201cn\u00e3o falte a solidariedade \u00e0s pessoas obrigadas a abandonaram as pr\u00f3prias terras \u201ce privadas do m\u00ednimo necess\u00e1rio para viver\u201d.<\/p>\n<h2>Pen\u00ednsula coreana<\/h2>\n<h2><\/h2>\n<p>\u201cFrutos de di\u00e1logo\u201d foi o que implorou o Santo Padre para a Pen\u00ednsula coreana, para que os col\u00f3quios em andamento \u201cpromovam a harmonia e a pacifica\u00e7\u00e3o da regi\u00e3o\u201d, e que os respons\u00e1veis diretos \u201cajam com sabedoria e discernimento\u201d para promover o bem do povo coreano.<\/p>\n<h2>Ucr\u00e2nia<\/h2>\n<h2><\/h2>\n<p>\u201cFrutos de paz\u201d, com o fortalecimento dos passos em dire\u00e7\u00e3o \u00e0 conc\u00f3rdia e a facilita\u00e7\u00e3o para as iniciativas humanit\u00e1ria em favor das popula\u00e7\u00f5es necessitadas foi o desejo de Francisco para a Ucr\u00e2nia.<\/p>\n<h2>Venezuela<\/h2>\n<h2><\/h2>\n<p>Para o povo venezuelano o Pont\u00edfice suplicou \u201cfrutos de consola\u00e7\u00e3o\u201d, recordando a mensagem do episcopado local que afirmava que se vivia no pa\u00eds como se fosse uma \u201cterra estrangeira&#8221;.<\/p>\n<p>Assim, Francisco pede que \u201cpela for\u00e7a da Ressurrei\u00e7\u00e3o do Senhor Jesus\u201d possa ser encontrado \u201co caminho justo, pac\u00edfico e humano para sair o mais r\u00e1pido poss\u00edvel da crise pol\u00edtica e humanit\u00e1ria\u201d e que \u201cn\u00e3o faltem acolhida e assist\u00eancia \u00e0queles, entre os seus filhos, s\u00e3o obrigados a abandonar o pr\u00f3prio pa\u00eds\u201d.<\/p>\n<h2>Crian\u00e7as e idosos<\/h2>\n<h2><\/h2>\n<p>O Papa pediu \u201cfrutos de vida nova\u201d para as crian\u00e7as, \u201cque devido \u00e0s guerras e \u00e0 fome, crescem sem esperan\u00e7a, privadas de educa\u00e7\u00e3o e de assist\u00eancia sanit\u00e1ria\u201d e tamb\u00e9m pelos idosos \u201cdescartados pela cultura ego\u00edsta, que deixa de lado quem n\u00e3o \u00e9 \u201cprodutivo\u201d\u201d.<\/p>\n<p>Por fim, o pedido de \u201cfrutos de sabedoria\u201d para aqueles que t\u00eam responsabilidades pol\u00edticas, para que \u201crespeitem sempre a dignidade humana\u201d e que estejam a servi\u00e7o \u201cdo bem comum\u201d, assegurando \u201cdesenvolvimento e seguran\u00e7a aos pr\u00f3prios cidad\u00e3os\u201d.<\/p>\n<p>Recordando que \u201ca morte, a solid\u00e3o e o medo n\u00e3o t\u00eam a \u00faltima palavra\u201d, e que a for\u00e7a do amor de Deus \u201cderrota o mal, lava as culpas, restitui a inoc\u00eancia aos pecadores, a alegria aos aflitos, dissipa o \u00f3dio, quebra a dureza dos poderosos, promove a conc\u00f3rdia e a paz\u201d, o Papa Francisco desejou a todos \u201cBoa P\u00e1scoa\u201d.<\/p>\n<p>Ao final, o Santo Padre concedeu a todos a B\u00ean\u00e7\u00e3o Pascal com a Indulg\u00eancia Plen\u00e1ria, segundo a forma estabelecida pela Igreja:<\/p>\n<h2>B\u00ean\u00e7\u00e3o<i>\u00a0Urbi et Orbi<\/i><\/h2>\n<h2><\/h2>\n<p><i>Sancti Apostoli Petrus et Paulus: de quorum potestate et auctoritate confidimus ipsi intercedant pro nobis ad Dominum.<\/i><\/p>\n<p>R:\u00a0<i>Amen.<\/i><\/p>\n<p><i>Precibus et meritis beat\u00e6 Mariae semper Virginis, beati Michaelis Archangeli, beati Ioannis Baptist\u00e6, et sanctorum Apostolorum Petri et Pauli et omnium Sanctorum misereatur vestri omnipotens Deus; et dimissis omnibus peccatis vestris, perducat vos Iesus Christus ad vitam \u00e6ternam.<\/i><\/p>\n<p>R:\u00a0<i>Amen.<\/i><\/p>\n<p><i>Indulgentiam, absolutionem et remissionem omnium peccatorum vestrorum, spatium verae et fructuosae poenitenti\u00e6, cor semper penitens, et emendationem vitae, gratiam et consolationem Sancti Spiritus; et finalem perseverantiam in bonis operibus tribuat vobis omnipotens et misericors Dominus.<\/i><\/p>\n<p>R:\u00a0<i>Amen.<\/i><\/p>\n<p><i>Et benedictio Dei omnipotentis, Patris et Filii et Spiritus Sancti descendat super vos et maneat semper.<\/i><\/p>\n<p>R:\u00a0<i>Amen.<\/i><\/p>\n<h2>Idosos, jovens e fam\u00edlias<\/h2>\n<h2><\/h2>\n<p>Ap\u00f3s conceder a sua B\u00ean\u00e7\u00e3o, o Pont\u00edfice sublinhou que &#8220;a P\u00e1scoa \u00e9 a festa mais importante da f\u00e9 crist\u00e3, porque \u00e9 a festa da nossa salva\u00e7\u00e3o e do amor de Deus por n\u00f3s&#8221;, saudando de forma especial as fam\u00edlias, pedindo que &#8220;a alegria e a esperan\u00e7a de Jesus Ressuscitado d\u00ea a elas conforto&#8221;.<\/p>\n<p>O pensamento do Papa dirigiu-se em particular tamb\u00e9m &#8220;aos idosos que s\u00e3o a preciosa mem\u00f3ria da sociedade&#8221; e &#8220;aos jovens, que representam o futuro da Igreja e da humanidade&#8221;.<\/p>\n<p>Por fim, um agradecimento especial aos Pa\u00edses Baixos, &#8220;pelo dom das flores&#8221; que ornamentam o adro petrino, concluindo:<\/p>\n<p>&#8220;<i>Nestes dias de P\u00e1scoa, anunciem com palavras e com a vida a bela not\u00edcia que Jesus ressuscitou. E n\u00e3o se esque\u00e7am de rezar por mim. Bom almo\u00e7o e at\u00e9 logo<\/i>&#8220;.<\/p>\n<p>Fonte: Vatican News<\/p>\n<\/div>\n","protected":false},"excerpt":{"rendered":"<p>&#8220;A morte, a solid\u00e3o e o medo j\u00e1 n\u00e3o s\u00e3o a \u00faltima palavra. H\u00e1 uma palavra que vem depois e que s\u00f3 Deus pode pronunciar: \u00e9 a palavra da Ressurrei\u00e7\u00e3o&#8221;. Foi de esperan\u00e7a a mensagem do Santo Padre para este Domingo de P\u00e1scoa, ao recordar os tantos dramas que martirizam popula\u00e7\u00f5es em diversas partes do&nbsp;<\/p>\n<p><a class=\"btn btn-style\" href=\"https:\/\/portalcatolico.net\/portal\/os-votos-de-paz-do-papa-ao-mundo-na-bencao-urbi-et-orbi\/\">Continue Reading<\/a><\/p>\n","protected":false},"author":2,"featured_media":53845,"comment_status":"open","ping_status":"open","sticky":false,"template":"","format":"standard","meta":{"footnotes":""},"categories":[5],"tags":[],"class_list":["post-53844","post","type-post","status-publish","format-standard","has-post-thumbnail","hentry","category-igreja_no_mundo"],"_links":{"self":[{"href":"https:\/\/portalcatolico.net\/portal\/wp-json\/wp\/v2\/posts\/53844","targetHints":{"allow":["GET"]}}],"collection":[{"href":"https:\/\/portalcatolico.net\/portal\/wp-json\/wp\/v2\/posts"}],"about":[{"href":"https:\/\/portalcatolico.net\/portal\/wp-json\/wp\/v2\/types\/post"}],"author":[{"embeddable":true,"href":"https:\/\/portalcatolico.net\/portal\/wp-json\/wp\/v2\/users\/2"}],"replies":[{"embeddable":true,"href":"https:\/\/portalcatolico.net\/portal\/wp-json\/wp\/v2\/comments?post=53844"}],"version-history":[{"count":1,"href":"https:\/\/portalcatolico.net\/portal\/wp-json\/wp\/v2\/posts\/53844\/revisions"}],"predecessor-version":[{"id":53846,"href":"https:\/\/portalcatolico.net\/portal\/wp-json\/wp\/v2\/posts\/53844\/revisions\/53846"}],"wp:featuredmedia":[{"embeddable":true,"href":"https:\/\/portalcatolico.net\/portal\/wp-json\/wp\/v2\/media\/53845"}],"wp:attachment":[{"href":"https:\/\/portalcatolico.net\/portal\/wp-json\/wp\/v2\/media?parent=53844"}],"wp:term":[{"taxonomy":"category","embeddable":true,"href":"https:\/\/portalcatolico.net\/portal\/wp-json\/wp\/v2\/categories?post=53844"},{"taxonomy":"post_tag","embeddable":true,"href":"https:\/\/portalcatolico.net\/portal\/wp-json\/wp\/v2\/tags?post=53844"}],"curies":[{"name":"wp","href":"https:\/\/api.w.org\/{rel}","templated":true}]}}