{"id":53837,"date":"2018-04-01T09:13:21","date_gmt":"2018-04-01T12:13:21","guid":{"rendered":"http:\/\/portalcatolico.net\/portal\/?p=53837"},"modified":"2018-04-01T09:24:13","modified_gmt":"2018-04-01T12:24:13","slug":"vem-ai-a-festa-da-misericordia-de-camacan","status":"publish","type":"post","link":"https:\/\/portalcatolico.net\/portal\/vem-ai-a-festa-da-misericordia-de-camacan\/","title":{"rendered":"Vem a\u00ed a Festa da Miseric\u00f3rdia de Camacan"},"content":{"rendered":"<p class=\"m_9206196879270533088xgmail-msonospacing\"><em>Nos dias 07 e 08 de abril ser\u00e1 realizada em Camacan (BA), a Festa da Miseric\u00f3rdia, no Col\u00e9gio Municipal de Camacan, com o tema: \u201cConfie na minha Miseric\u00f3rdia\u201d. A Festa vai ser composta de prega\u00e7\u00e3o, louvor, ora\u00e7\u00e3o, m\u00fasica, entre outros momentos de evangeliza\u00e7\u00e3o. <\/em><\/p>\n<p class=\"m_9206196879270533088xgmail-msonospacing\"><em>O valor do ingresso \u00e9 R$15,00, mais um kg de alimento n\u00e3o perec\u00edvel. Com inicio a partir das 8h30 mim.<\/em><u><\/u><u><\/u><\/p>\n<p class=\"m_9206196879270533088xgmail-msonospacing\"><em>O Pregador oficial do evento \u00e9 Pedro Moreira da RCC da Diocese de Joinville (SC), al\u00e9m dos padres Valdeni Neris (p\u00e1roco da Par\u00f3quia S\u00e3o Sebasti\u00e3o e Pe. Manoel Cardoso).<u><\/u><u><\/u><\/em><\/p>\n<p class=\"m_9206196879270533088xgmail-msonospacing\"><em>Os fieis v\u00e3o poder participar ainda, de uma noite oracional com os membros do MEFA (Minist\u00e9rio\u00a0\u00a0Eucar\u00edstico Fogo no Altar) da Diocese de Itabuna.<\/em><u><\/u><u><\/u><\/p>\n<p class=\"m_9206196879270533088xgmail-msonospacing\"><em>A realiza\u00e7\u00e3o \u00e9 da Par\u00f3quia S\u00e3o Sebasti\u00e3o\u00a0e Renova\u00e7\u00e3o\u00a0Carism\u00e1tica Cat\u00f3lica.<u><\/u><u><\/u><\/em><\/p>\n<p class=\"m_9206196879270533088xgmail-msonospacing\"><em>Participe!<\/em><\/p>\n<p class=\"m_9206196879270533088xgmail-msonospacing\">Por:Reda\u00e7\u00e3o Portal Cat\u00f3lico<\/p>\n","protected":false},"excerpt":{"rendered":"<p>Nos dias 07 e 08 de abril ser\u00e1 realizada em Camacan (BA), a Festa da Miseric\u00f3rdia, no Col\u00e9gio Municipal de Camacan, com o tema: \u201cConfie na minha Miseric\u00f3rdia\u201d. A Festa vai ser composta de prega\u00e7\u00e3o, louvor, ora\u00e7\u00e3o, m\u00fasica, entre outros momentos de evangeliza\u00e7\u00e3o. O valor do ingresso \u00e9 R$15,00, mais um kg de alimento n\u00e3o&nbsp;<\/p>\n<p><a class=\"btn btn-style\" href=\"https:\/\/portalcatolico.net\/portal\/vem-ai-a-festa-da-misericordia-de-camacan\/\">Continue Reading<\/a><\/p>\n","protected":false},"author":2,"featured_media":53838,"comment_status":"open","ping_status":"open","sticky":false,"template":"","format":"standard","meta":{"footnotes":""},"categories":[1],"tags":[],"class_list":["post-53837","post","type-post","status-publish","format-standard","has-post-thumbnail","hentry","category-agenda"],"_links":{"self":[{"href":"https:\/\/portalcatolico.net\/portal\/wp-json\/wp\/v2\/posts\/53837","targetHints":{"allow":["GET"]}}],"collection":[{"href":"https:\/\/portalcatolico.net\/portal\/wp-json\/wp\/v2\/posts"}],"about":[{"href":"https:\/\/portalcatolico.net\/portal\/wp-json\/wp\/v2\/types\/post"}],"author":[{"embeddable":true,"href":"https:\/\/portalcatolico.net\/portal\/wp-json\/wp\/v2\/users\/2"}],"replies":[{"embeddable":true,"href":"https:\/\/portalcatolico.net\/portal\/wp-json\/wp\/v2\/comments?post=53837"}],"version-history":[{"count":4,"href":"https:\/\/portalcatolico.net\/portal\/wp-json\/wp\/v2\/posts\/53837\/revisions"}],"predecessor-version":[{"id":53843,"href":"https:\/\/portalcatolico.net\/portal\/wp-json\/wp\/v2\/posts\/53837\/revisions\/53843"}],"wp:featuredmedia":[{"embeddable":true,"href":"https:\/\/portalcatolico.net\/portal\/wp-json\/wp\/v2\/media\/53838"}],"wp:attachment":[{"href":"https:\/\/portalcatolico.net\/portal\/wp-json\/wp\/v2\/media?parent=53837"}],"wp:term":[{"taxonomy":"category","embeddable":true,"href":"https:\/\/portalcatolico.net\/portal\/wp-json\/wp\/v2\/categories?post=53837"},{"taxonomy":"post_tag","embeddable":true,"href":"https:\/\/portalcatolico.net\/portal\/wp-json\/wp\/v2\/tags?post=53837"}],"curies":[{"name":"wp","href":"https:\/\/api.w.org\/{rel}","templated":true}]}}