{"id":53834,"date":"2018-03-31T23:39:59","date_gmt":"2018-04-01T02:39:59","guid":{"rendered":"http:\/\/portalcatolico.net\/portal\/?p=53834"},"modified":"2018-04-01T08:40:36","modified_gmt":"2018-04-01T11:40:36","slug":"paroquia-sao-sebastiao-realiza-via-crucies-na-noite-de-sexta-feira-santa","status":"publish","type":"post","link":"https:\/\/portalcatolico.net\/portal\/paroquia-sao-sebastiao-realiza-via-crucies-na-noite-de-sexta-feira-santa\/","title":{"rendered":"Par\u00f3quia S\u00e3o Sebasti\u00e3o realiza Via Crucies na noite de sexta-feira santa"},"content":{"rendered":"<p style=\"font-weight: 400;\"><em>A Par\u00f3quia S\u00e3o Sebasti\u00e3o que comp\u00f5e a Diocese de Itabuna, no sul da Bahia, meditou os \u00faltimos passos de Jesus na terra na Via Dolorosa Encena\u00e7\u00e3o que aconteceu na Concha Ac\u00fastica de Camacan (BA), nesta sexta-feira santa (30).<\/em><\/p>\n<p style=\"font-weight: 400;\"><em>Muitos fi\u00e9is prestigiaram esse momento muito forte em que se revive a paix\u00e3o dolorosa de Jesus Cristo.\u00a0\u00a0Ap\u00f3s a Via Sacra, todos seguiram numa prociss\u00e3o luminosa com o Senhor Morto at\u00e9 a Igreja Matriz.<\/em><\/p>\n<p style=\"font-weight: 400;\">Informa\u00e7\u00f5es e fotos:Luis Felipe-Par\u00f3quia S\u00e3o Sebasti\u00e3o de Camacan<\/p>\n<p style=\"font-weight: 400;\"><a href=\"https:\/\/www.facebook.com\/portalcatolicooficial\/\">\u00c1lbuns de fotos em nossa p\u00e1gina do facebook. Clique aqui e confira<\/a>.<\/p>\n","protected":false},"excerpt":{"rendered":"<p>A Par\u00f3quia S\u00e3o Sebasti\u00e3o que comp\u00f5e a Diocese de Itabuna, no sul da Bahia, meditou os \u00faltimos passos de Jesus na terra na Via Dolorosa Encena\u00e7\u00e3o que aconteceu na Concha Ac\u00fastica de Camacan (BA), nesta sexta-feira santa (30). Muitos fi\u00e9is prestigiaram esse momento muito forte em que se revive a paix\u00e3o dolorosa de Jesus Cristo.\u00a0\u00a0Ap\u00f3s&nbsp;<\/p>\n<p><a class=\"btn btn-style\" href=\"https:\/\/portalcatolico.net\/portal\/paroquia-sao-sebastiao-realiza-via-crucies-na-noite-de-sexta-feira-santa\/\">Continue Reading<\/a><\/p>\n","protected":false},"author":2,"featured_media":53835,"comment_status":"open","ping_status":"open","sticky":false,"template":"","format":"standard","meta":{"footnotes":""},"categories":[4],"tags":[],"class_list":["post-53834","post","type-post","status-publish","format-standard","has-post-thumbnail","hentry","category-destaques"],"_links":{"self":[{"href":"https:\/\/portalcatolico.net\/portal\/wp-json\/wp\/v2\/posts\/53834","targetHints":{"allow":["GET"]}}],"collection":[{"href":"https:\/\/portalcatolico.net\/portal\/wp-json\/wp\/v2\/posts"}],"about":[{"href":"https:\/\/portalcatolico.net\/portal\/wp-json\/wp\/v2\/types\/post"}],"author":[{"embeddable":true,"href":"https:\/\/portalcatolico.net\/portal\/wp-json\/wp\/v2\/users\/2"}],"replies":[{"embeddable":true,"href":"https:\/\/portalcatolico.net\/portal\/wp-json\/wp\/v2\/comments?post=53834"}],"version-history":[{"count":1,"href":"https:\/\/portalcatolico.net\/portal\/wp-json\/wp\/v2\/posts\/53834\/revisions"}],"predecessor-version":[{"id":53836,"href":"https:\/\/portalcatolico.net\/portal\/wp-json\/wp\/v2\/posts\/53834\/revisions\/53836"}],"wp:featuredmedia":[{"embeddable":true,"href":"https:\/\/portalcatolico.net\/portal\/wp-json\/wp\/v2\/media\/53835"}],"wp:attachment":[{"href":"https:\/\/portalcatolico.net\/portal\/wp-json\/wp\/v2\/media?parent=53834"}],"wp:term":[{"taxonomy":"category","embeddable":true,"href":"https:\/\/portalcatolico.net\/portal\/wp-json\/wp\/v2\/categories?post=53834"},{"taxonomy":"post_tag","embeddable":true,"href":"https:\/\/portalcatolico.net\/portal\/wp-json\/wp\/v2\/tags?post=53834"}],"curies":[{"name":"wp","href":"https:\/\/api.w.org\/{rel}","templated":true}]}}