{"id":53821,"date":"2018-03-31T16:11:35","date_gmt":"2018-03-31T19:11:35","guid":{"rendered":"http:\/\/portalcatolico.net\/portal\/?p=53821"},"modified":"2018-03-31T16:32:02","modified_gmt":"2018-03-31T19:32:02","slug":"una-procissao-do-senhor-morto-sai-as-ruas-de-una-e-relembra-a-morte-de-jesus","status":"publish","type":"post","link":"https:\/\/portalcatolico.net\/portal\/una-procissao-do-senhor-morto-sai-as-ruas-de-una-e-relembra-a-morte-de-jesus\/","title":{"rendered":"UNA: PROCISS\u00c3O DO SENHOR MORTO SAI \u00c0S RUAS DE UNA E RELEMBRA A MORTE DE JESUS"},"content":{"rendered":"<p>Foi realizada nesta sexta-feira, 30, pela Igreja Matriz S\u00e3o Jos\u00e9 (Una\/BA), a prociss\u00e3o do Senhor Morto, que relembra o sacrif\u00edcio de Cristo na cruz.<br \/>\nA sexta-feira da paix\u00e3o \u00e9 o \u00fanico dia que a Igreja Cat\u00f3lica, em todo o mundo, n\u00e3o celebra missa, mas reserva para celebra\u00e7\u00e3o do Senhor Morto.<br \/>\nA prociss\u00e3o saiu pelas ruas da cidade levando a imagem de Jesus morto.<br \/>\nO Padre Nerivaldo Azevedo ressaltou que o dia representa a morte de Cristo para a salva\u00e7\u00e3o.<br \/>\nJesus morreu, mas sabemos que amanh\u00e3 celebramos sua ressurrei\u00e7\u00e3o.<br \/>\nAp\u00f3s a prociss\u00e3o, foi exibido na Pra\u00e7a da Prefeitura o filme &#8220;A Paix\u00e3o de Cristo&#8221;, mas antes mesmo de assistir as primeiras cenas, os fi\u00e9is participaram da ora\u00e7\u00e3o do ter\u00e7o e ouviram atentamente uma breve mensagem do Padre Nerivaldo Azevedo.<\/p>\n<p>Fotos e texto: Pascom-Par\u00f3quia S\u00e3o Jos\u00e9<\/p>\n<p><img loading=\"lazy\" decoding=\"async\" class=\"alignnone size-medium wp-image-53825\" src=\"http:\/\/portalcatolico.net\/portal\/wp-content\/uploads\/2018\/03\/IMG-20180330-WA0186-300x201.jpg\" alt=\"IMG-20180330-WA0186\" width=\"300\" height=\"201\" srcset=\"https:\/\/portalcatolico.net\/portal\/wp-content\/uploads\/2018\/03\/IMG-20180330-WA0186-300x201.jpg 300w, https:\/\/portalcatolico.net\/portal\/wp-content\/uploads\/2018\/03\/IMG-20180330-WA0186-768x514.jpg 768w, https:\/\/portalcatolico.net\/portal\/wp-content\/uploads\/2018\/03\/IMG-20180330-WA0186-1024x686.jpg 1024w, https:\/\/portalcatolico.net\/portal\/wp-content\/uploads\/2018\/03\/IMG-20180330-WA0186.jpg 1280w\" sizes=\"auto, (max-width: 300px) 100vw, 300px\" \/> <img loading=\"lazy\" decoding=\"async\" class=\"alignnone size-medium wp-image-53826\" src=\"http:\/\/portalcatolico.net\/portal\/wp-content\/uploads\/2018\/03\/IMG-20180330-WA0192-300x225.jpg\" alt=\"IMG-20180330-WA0192\" width=\"300\" height=\"225\" srcset=\"https:\/\/portalcatolico.net\/portal\/wp-content\/uploads\/2018\/03\/IMG-20180330-WA0192-300x225.jpg 300w, https:\/\/portalcatolico.net\/portal\/wp-content\/uploads\/2018\/03\/IMG-20180330-WA0192-768x576.jpg 768w, https:\/\/portalcatolico.net\/portal\/wp-content\/uploads\/2018\/03\/IMG-20180330-WA0192-1024x768.jpg 1024w, https:\/\/portalcatolico.net\/portal\/wp-content\/uploads\/2018\/03\/IMG-20180330-WA0192.jpg 1280w\" sizes=\"auto, (max-width: 300px) 100vw, 300px\" \/> <img loading=\"lazy\" decoding=\"async\" class=\"alignnone size-medium wp-image-53827\" src=\"http:\/\/portalcatolico.net\/portal\/wp-content\/uploads\/2018\/03\/IMG-20180330-WA0206-1-300x225.jpg\" alt=\"IMG-20180330-WA0206\" width=\"300\" height=\"225\" srcset=\"https:\/\/portalcatolico.net\/portal\/wp-content\/uploads\/2018\/03\/IMG-20180330-WA0206-1-300x225.jpg 300w, https:\/\/portalcatolico.net\/portal\/wp-content\/uploads\/2018\/03\/IMG-20180330-WA0206-1-768x576.jpg 768w, https:\/\/portalcatolico.net\/portal\/wp-content\/uploads\/2018\/03\/IMG-20180330-WA0206-1-1024x768.jpg 1024w, https:\/\/portalcatolico.net\/portal\/wp-content\/uploads\/2018\/03\/IMG-20180330-WA0206-1.jpg 1280w\" sizes=\"auto, (max-width: 300px) 100vw, 300px\" \/> <img loading=\"lazy\" decoding=\"async\" class=\"alignnone size-medium wp-image-53828\" src=\"http:\/\/portalcatolico.net\/portal\/wp-content\/uploads\/2018\/03\/IMG-20180330-WA0208-300x146.jpg\" alt=\"IMG-20180330-WA0208\" width=\"300\" height=\"146\" srcset=\"https:\/\/portalcatolico.net\/portal\/wp-content\/uploads\/2018\/03\/IMG-20180330-WA0208-300x146.jpg 300w, https:\/\/portalcatolico.net\/portal\/wp-content\/uploads\/2018\/03\/IMG-20180330-WA0208-768x373.jpg 768w, https:\/\/portalcatolico.net\/portal\/wp-content\/uploads\/2018\/03\/IMG-20180330-WA0208-1024x498.jpg 1024w, https:\/\/portalcatolico.net\/portal\/wp-content\/uploads\/2018\/03\/IMG-20180330-WA0208.jpg 1280w\" sizes=\"auto, (max-width: 300px) 100vw, 300px\" \/><\/p>\n<p>&nbsp;<\/p>\n","protected":false},"excerpt":{"rendered":"<p>Foi realizada nesta sexta-feira, 30, pela Igreja Matriz S\u00e3o Jos\u00e9 (Una\/BA), a prociss\u00e3o do Senhor Morto, que relembra o sacrif\u00edcio de Cristo na cruz. A sexta-feira da paix\u00e3o \u00e9 o \u00fanico dia que a Igreja Cat\u00f3lica, em todo o mundo, n\u00e3o celebra missa, mas reserva para celebra\u00e7\u00e3o do Senhor Morto. A prociss\u00e3o saiu pelas ruas&nbsp;<\/p>\n<p><a class=\"btn btn-style\" href=\"https:\/\/portalcatolico.net\/portal\/una-procissao-do-senhor-morto-sai-as-ruas-de-una-e-relembra-a-morte-de-jesus\/\">Continue Reading<\/a><\/p>\n","protected":false},"author":2,"featured_media":53823,"comment_status":"open","ping_status":"open","sticky":false,"template":"","format":"standard","meta":{"footnotes":""},"categories":[4],"tags":[],"class_list":["post-53821","post","type-post","status-publish","format-standard","has-post-thumbnail","hentry","category-destaques"],"_links":{"self":[{"href":"https:\/\/portalcatolico.net\/portal\/wp-json\/wp\/v2\/posts\/53821","targetHints":{"allow":["GET"]}}],"collection":[{"href":"https:\/\/portalcatolico.net\/portal\/wp-json\/wp\/v2\/posts"}],"about":[{"href":"https:\/\/portalcatolico.net\/portal\/wp-json\/wp\/v2\/types\/post"}],"author":[{"embeddable":true,"href":"https:\/\/portalcatolico.net\/portal\/wp-json\/wp\/v2\/users\/2"}],"replies":[{"embeddable":true,"href":"https:\/\/portalcatolico.net\/portal\/wp-json\/wp\/v2\/comments?post=53821"}],"version-history":[{"count":5,"href":"https:\/\/portalcatolico.net\/portal\/wp-json\/wp\/v2\/posts\/53821\/revisions"}],"predecessor-version":[{"id":53833,"href":"https:\/\/portalcatolico.net\/portal\/wp-json\/wp\/v2\/posts\/53821\/revisions\/53833"}],"wp:featuredmedia":[{"embeddable":true,"href":"https:\/\/portalcatolico.net\/portal\/wp-json\/wp\/v2\/media\/53823"}],"wp:attachment":[{"href":"https:\/\/portalcatolico.net\/portal\/wp-json\/wp\/v2\/media?parent=53821"}],"wp:term":[{"taxonomy":"category","embeddable":true,"href":"https:\/\/portalcatolico.net\/portal\/wp-json\/wp\/v2\/categories?post=53821"},{"taxonomy":"post_tag","embeddable":true,"href":"https:\/\/portalcatolico.net\/portal\/wp-json\/wp\/v2\/tags?post=53821"}],"curies":[{"name":"wp","href":"https:\/\/api.w.org\/{rel}","templated":true}]}}