{"id":53818,"date":"2018-03-31T09:24:42","date_gmt":"2018-03-31T12:24:42","guid":{"rendered":"http:\/\/portalcatolico.net\/portal\/?p=53818"},"modified":"2018-03-31T09:24:42","modified_gmt":"2018-03-31T12:24:42","slug":"no-sabado-santo-esperamos-com-maria","status":"publish","type":"post","link":"https:\/\/portalcatolico.net\/portal\/no-sabado-santo-esperamos-com-maria\/","title":{"rendered":"No S\u00e1bado Santo, esperamos com Maria"},"content":{"rendered":"<p>Hoje \u00e9 S\u00e1bado Santo, dia de espera. Jesus est\u00e1 no sepulcro e Maria \u00e9 quem acompanha a\u00a0Igreja.<\/p>\n<p>Maria \u00e9 a m\u00e3e da paciente espera, embora esteja sofrendo pela morte de seu Filho. Ela foi a \u00fanica que manteve viva a chama da f\u00e9 quando Cristo foi sepultado.<\/p>\n<p>Muitos seguidores de Jesus ficaram desiludidos, pois acreditavam que Ele seria o Grande Messias de Israel. Eles esperavam um guerreiro que os libertasse do dom\u00ednio romano com punho de ferro e um ex\u00e9rcito numeroso.<\/p>\n<p>Entretanto, quando viram que Cristo deixou que o crucificassem e morreu, ficaram tristes e desiludidos. \u201cJesus fracassou, voltemos para nosso trabalho ordin\u00e1rio\u201d, disseram os disc\u00edpulos de Ema\u00fas. Os ap\u00f3stolos tamb\u00e9m estavam com medo e ficaram escondidos.<\/p>\n<p>Inclusive as mulheres que estiveram ao p\u00e9 da Cruz, foram embalsamar o corpo do Senhor porque estava morto. Elas n\u00e3o tinham acreditado na ressurrei\u00e7\u00e3o de Cristo e, quando encontraram o sepulcro vazio, ficaram surpresas. Sem entender porque o corpo de Jesus n\u00e3o estava l\u00e1, come\u00e7aram a duvidar do que Ele lhes havia dito sobre a ressurrei\u00e7\u00e3o. Ao aparecer o anjo, uma delas pergunta: Para onde levaram o Senhor? Somente quando Cristo lhes aparece, acreditam.<\/p>\n<p>Maria, muito pelo contr\u00e1rio, n\u00e3o foi ao sepulcro, pois tinha acolhido a palavra de Deus em seu cora\u00e7\u00e3o. E por ser uma mulher de f\u00e9 profunda, havia acreditado. Portanto, Ela n\u00e3o estava desiludida, nem assustada e desconfiada. Mas esperava plenamente a ressurrei\u00e7\u00e3o do seu Filho.<\/p>\n<p>Apesar de ter vivido toda a dor do dia anterior, sua f\u00e9 e sua esperan\u00e7a s\u00e3o muito maiores. Permaneceu firme ao p\u00e9 da cruz, embora profundamente dolorida. Nesses momentos, a \u00fanica coisa que a sustentou foi a sua f\u00e9 e tamb\u00e9m a esperan\u00e7a de que se cumpririam as promessas de Deus.(acidigital)<\/p>\n","protected":false},"excerpt":{"rendered":"<p>Hoje \u00e9 S\u00e1bado Santo, dia de espera. Jesus est\u00e1 no sepulcro e Maria \u00e9 quem acompanha a\u00a0Igreja. Maria \u00e9 a m\u00e3e da paciente espera, embora esteja sofrendo pela morte de seu Filho. Ela foi a \u00fanica que manteve viva a chama da f\u00e9 quando Cristo foi sepultado. Muitos seguidores de Jesus ficaram desiludidos, pois acreditavam&nbsp;<\/p>\n<p><a class=\"btn btn-style\" href=\"https:\/\/portalcatolico.net\/portal\/no-sabado-santo-esperamos-com-maria\/\">Continue Reading<\/a><\/p>\n","protected":false},"author":2,"featured_media":53819,"comment_status":"open","ping_status":"open","sticky":false,"template":"","format":"standard","meta":{"footnotes":""},"categories":[4],"tags":[],"class_list":["post-53818","post","type-post","status-publish","format-standard","has-post-thumbnail","hentry","category-destaques"],"_links":{"self":[{"href":"https:\/\/portalcatolico.net\/portal\/wp-json\/wp\/v2\/posts\/53818","targetHints":{"allow":["GET"]}}],"collection":[{"href":"https:\/\/portalcatolico.net\/portal\/wp-json\/wp\/v2\/posts"}],"about":[{"href":"https:\/\/portalcatolico.net\/portal\/wp-json\/wp\/v2\/types\/post"}],"author":[{"embeddable":true,"href":"https:\/\/portalcatolico.net\/portal\/wp-json\/wp\/v2\/users\/2"}],"replies":[{"embeddable":true,"href":"https:\/\/portalcatolico.net\/portal\/wp-json\/wp\/v2\/comments?post=53818"}],"version-history":[{"count":1,"href":"https:\/\/portalcatolico.net\/portal\/wp-json\/wp\/v2\/posts\/53818\/revisions"}],"predecessor-version":[{"id":53820,"href":"https:\/\/portalcatolico.net\/portal\/wp-json\/wp\/v2\/posts\/53818\/revisions\/53820"}],"wp:featuredmedia":[{"embeddable":true,"href":"https:\/\/portalcatolico.net\/portal\/wp-json\/wp\/v2\/media\/53819"}],"wp:attachment":[{"href":"https:\/\/portalcatolico.net\/portal\/wp-json\/wp\/v2\/media?parent=53818"}],"wp:term":[{"taxonomy":"category","embeddable":true,"href":"https:\/\/portalcatolico.net\/portal\/wp-json\/wp\/v2\/categories?post=53818"},{"taxonomy":"post_tag","embeddable":true,"href":"https:\/\/portalcatolico.net\/portal\/wp-json\/wp\/v2\/tags?post=53818"}],"curies":[{"name":"wp","href":"https:\/\/api.w.org\/{rel}","templated":true}]}}