{"id":53815,"date":"2018-03-30T17:24:46","date_gmt":"2018-03-30T20:24:46","guid":{"rendered":"http:\/\/portalcatolico.net\/portal\/?p=53815"},"modified":"2018-03-30T21:25:05","modified_gmt":"2018-03-31T00:25:05","slug":"via-sacra-vergonha-arrependimento-e-esperanca-diante-do-senhor","status":"publish","type":"post","link":"https:\/\/portalcatolico.net\/portal\/via-sacra-vergonha-arrependimento-e-esperanca-diante-do-senhor\/","title":{"rendered":"Via-Sacra: vergonha, arrependimento e esperan\u00e7a diante do Senhor"},"content":{"rendered":"<div class=\"article__subTitle\">Depois das 14 esta\u00e7\u00f5es da Via-Sacra no Coliseu de Roma, o Papa concluiu a cerim\u00f4nia com uma tocante ora\u00e7\u00e3o.<\/div>\n<div class=\"title__separator\"><\/div>\n<div class=\"article__text\">\n<p>O Papa Francisco presidiu \u00e0 Via-Sacra no Coliseu de Roma nesta Sexta-feira Santa. Ao final das medita\u00e7\u00f5es preparadas este ano por um grupo de jovens, o Pont\u00edfice fez uma ora\u00e7\u00e3o, em que usou tr\u00eas palavras com as quais devemos olhar para Jesus: vergonha, arrependimento e esperan\u00e7a.<\/p>\n<p>Vergonha\u00a0por termos perdido a vergonha, arrependimento que brota da certeza de que somente o Senhor pode nos salvar do mal, e\u00a0esperan\u00e7a porque da cruz de Cristo desabrochou a Ressurrei\u00e7\u00e3o.<\/p>\n<p><i>Ora\u00e7\u00e3o ao t\u00e9rmino da Via-Sacra no Coliseu<br \/>\nPapa Francisco<\/i><\/p>\n<p>&nbsp;<\/p>\n<p>Senhor Jesus, a v\u00f3s dirigimos o nosso olhar cheio de vergonha, de arrependimento e de esperan\u00e7a.<br \/>\nDiante do vosso amor supremo, que a vergonha nos invada por vos ter deixado s\u00f3, sofrendo pelos nossos pecados:<\/p>\n<p>&#8211; vergonha por ter fugido diante da prova\u00e7\u00e3o, apesar de vos ter dito milhares de vezes: \u201cMesmo se todos vos deixarem, eu jamais vos deixarei\u201d;<br \/>\n&#8211; vergonha por termos escolhido Barrab\u00e1s e n\u00e3o a v\u00f3s, o poder e n\u00e3o a v\u00f3s, as apar\u00eancias e n\u00e3o a v\u00f3s, o deus dinheiro e n\u00e3o a v\u00f3s, o mundanismo e n\u00e3o a eternidade;<br \/>\n&#8211; vergonha por ter-vos tentado com a boca e com o cora\u00e7\u00e3o, todas as vezes que nos encontramos diante de uma prova\u00e7\u00e3o, dizendo: \u201cSe fordes o Messias, salvai-nos e n\u00f3s acreditaremos\u201d!;<br \/>\n&#8211; vergonha porque tantas pessoas, at\u00e9 alguns dos vossos ministros, deixaram-se enganar pela ambi\u00e7\u00e3o e pela vangl\u00f3ria, perdendo a sua dignidade e seu primeiro amor;<br \/>\n&#8211; vergonha porque as nossas gera\u00e7\u00f5es est\u00e3o deixando aos jovens um mundo fraturado pelas divis\u00f5es e pelas guerras; um mundo devorado pelo ego\u00edsmo, onde jovens, pequenos, enfermos e\u00a0 idosos s\u00e3o marginalizados;<br \/>\n&#8211;\u00a0 Jesus, vergonha por termos perdido a vergonha.<\/p>\n<p>Senhor Jesus, dai-nos sempre a gra\u00e7a da santa vergonha!<\/p>\n<p>&#8211; esperan\u00e7a, porque a vossa mensagem continua a inspirar, ainda hoje, tantas pessoas e povos; que somente o bem pode derrotar o mal e a maldade e que somente o perd\u00e3o pode abater o rancor e a vingan\u00e7a; somente o abra\u00e7o fraterno pode dissipar a hostilidade e o medo do outro;<\/p>\n<p>&#8211; esperan\u00e7a, porque o vosso sacrif\u00edcio continua, ainda hoje, a exalar o perfume do amor divino, que acaricia os cora\u00e7\u00f5es de tantos jovens, que ainda vos consagram as suas vidas, tornando-se exemplos vivos de caridade e gratuidade neste nosso mundo devorado pela l\u00f3gica da explora\u00e7\u00e3o e do ganho f\u00e1cil;<br \/>\n&#8211; esperan\u00e7a, porque tantos mission\u00e1rios e mission\u00e1rias continuam, ainda hoje, a desafiar a consci\u00eancia adormecida da humanidade, arriscando suas vidas para servir-vos nos pobres, nos descartados, nos imigrados, nos invis\u00edveis, nos explorados, nos famintos e nos encarcerados;<br \/>\n&#8211; esperan\u00e7a, porque a vossa Igreja, santa e constitu\u00edda por pecadores, continua, ainda hoje, apesar de todas as tentativas de desacredit\u00e1-la, a ser luz que ilumina, encoraja, alivia e testemunha o vosso amor incomensur\u00e1vel \u00e0 humanidade, um modelo de altru\u00edsmo, uma arca de salva\u00e7\u00e3o e uma fonte de certeza e de verdade;<br \/>\n&#8211; esperan\u00e7a, porque da vossa cruz, &#8211; fruto da avidez e da covardia de tantos doutores hip\u00f3critas da Lei, &#8211; desabrochou a Ressurrei\u00e7\u00e3o, que transformou as trevas da sepultura em fulgor da aurora do Domingo, sem poente, ensinando-nos que o vosso amor \u00e9 a nossa esperan\u00e7a.<br \/>\nSenhor Jesus, dai-nos sempre a gra\u00e7a da santa esperan\u00e7a!<\/p>\n<p>Ajudai-nos, Filho do Homem, a despojar-nos da arrog\u00e2ncia do ladr\u00e3o, que estava \u00e0 vossa esquerda, e dos m\u00edopes e corruptos, que viram em v\u00f3s uma oportunidade para explorar, um condenado para criticar, um derrotado para zombar, outra ocasi\u00e3o para inculpar os outros e at\u00e9 Deus, pelas suas culpas.<\/p>\n<p>Fonte: Vatican News<\/p>\n<\/div>\n","protected":false},"excerpt":{"rendered":"<p>Depois das 14 esta\u00e7\u00f5es da Via-Sacra no Coliseu de Roma, o Papa concluiu a cerim\u00f4nia com uma tocante ora\u00e7\u00e3o. O Papa Francisco presidiu \u00e0 Via-Sacra no Coliseu de Roma nesta Sexta-feira Santa. Ao final das medita\u00e7\u00f5es preparadas este ano por um grupo de jovens, o Pont\u00edfice fez uma ora\u00e7\u00e3o, em que usou tr\u00eas palavras com&nbsp;<\/p>\n<p><a class=\"btn btn-style\" href=\"https:\/\/portalcatolico.net\/portal\/via-sacra-vergonha-arrependimento-e-esperanca-diante-do-senhor\/\">Continue Reading<\/a><\/p>\n","protected":false},"author":2,"featured_media":53816,"comment_status":"open","ping_status":"open","sticky":false,"template":"","format":"standard","meta":{"footnotes":""},"categories":[5],"tags":[],"class_list":["post-53815","post","type-post","status-publish","format-standard","has-post-thumbnail","hentry","category-igreja_no_mundo"],"_links":{"self":[{"href":"https:\/\/portalcatolico.net\/portal\/wp-json\/wp\/v2\/posts\/53815","targetHints":{"allow":["GET"]}}],"collection":[{"href":"https:\/\/portalcatolico.net\/portal\/wp-json\/wp\/v2\/posts"}],"about":[{"href":"https:\/\/portalcatolico.net\/portal\/wp-json\/wp\/v2\/types\/post"}],"author":[{"embeddable":true,"href":"https:\/\/portalcatolico.net\/portal\/wp-json\/wp\/v2\/users\/2"}],"replies":[{"embeddable":true,"href":"https:\/\/portalcatolico.net\/portal\/wp-json\/wp\/v2\/comments?post=53815"}],"version-history":[{"count":1,"href":"https:\/\/portalcatolico.net\/portal\/wp-json\/wp\/v2\/posts\/53815\/revisions"}],"predecessor-version":[{"id":53817,"href":"https:\/\/portalcatolico.net\/portal\/wp-json\/wp\/v2\/posts\/53815\/revisions\/53817"}],"wp:featuredmedia":[{"embeddable":true,"href":"https:\/\/portalcatolico.net\/portal\/wp-json\/wp\/v2\/media\/53816"}],"wp:attachment":[{"href":"https:\/\/portalcatolico.net\/portal\/wp-json\/wp\/v2\/media?parent=53815"}],"wp:term":[{"taxonomy":"category","embeddable":true,"href":"https:\/\/portalcatolico.net\/portal\/wp-json\/wp\/v2\/categories?post=53815"},{"taxonomy":"post_tag","embeddable":true,"href":"https:\/\/portalcatolico.net\/portal\/wp-json\/wp\/v2\/tags?post=53815"}],"curies":[{"name":"wp","href":"https:\/\/api.w.org\/{rel}","templated":true}]}}