{"id":53806,"date":"2018-03-30T20:45:48","date_gmt":"2018-03-30T23:45:48","guid":{"rendered":"http:\/\/portalcatolico.net\/portal\/?p=53806"},"modified":"2018-03-30T20:51:59","modified_gmt":"2018-03-30T23:51:59","slug":"paroquia-santa-rita-de-cassia-realiza-celebracao-do-senhor-morto","status":"publish","type":"post","link":"https:\/\/portalcatolico.net\/portal\/paroquia-santa-rita-de-cassia-realiza-celebracao-do-senhor-morto\/","title":{"rendered":"Par\u00f3quia santa Rita de C\u00e1ssia realiza celebra\u00e7\u00e3o do Senhor Morto"},"content":{"rendered":"<p style=\"font-weight: 400;\"><em>Nesta sexta- feira, 30 de mar\u00e7o, a Vig\u00edlia e Adora\u00e7\u00e3o a Jesus Eucar\u00edstico, teve in\u00edcio \u00e0s 6h, com a participa\u00e7\u00e3o de todas as pastorais, movimentos, grupos de ora\u00e7\u00e3o, comunidades, paroquianos\u00a0\u00a0e fieis de Santa Rita de C\u00e1ssia. A programa\u00e7\u00e3o seguiu \u00e0s 15h, com a Celebra\u00e7\u00e3o da Paix\u00e3o e Morte do Senhor, conhecida tamb\u00e9m como celebra\u00e7\u00e3o do Beijo da Cruz, presidida pelos Frades Capuchinhos, os freis: Jos\u00e9\u00a0\u00a0Genilton (p\u00e1roco), Frei Anailton Brito e Frei Alberto. Na oportunidade, Frei Anailton falou<\/em><\/p>\n<div id=\"attachment_53808\" style=\"width: 261px\" class=\"wp-caption alignright\"><img loading=\"lazy\" decoding=\"async\" aria-describedby=\"caption-attachment-53808\" class=\" wp-image-53808\" src=\"http:\/\/portalcatolico.net\/portal\/wp-content\/uploads\/2018\/03\/2-5-300x225.jpg\" alt=\"MOMENTO DE SILENCIO E ORA\u00c7\u00c3O.\" width=\"251\" height=\"188\" srcset=\"https:\/\/portalcatolico.net\/portal\/wp-content\/uploads\/2018\/03\/2-5-300x225.jpg 300w, https:\/\/portalcatolico.net\/portal\/wp-content\/uploads\/2018\/03\/2-5-768x576.jpg 768w, https:\/\/portalcatolico.net\/portal\/wp-content\/uploads\/2018\/03\/2-5.jpg 1000w\" sizes=\"auto, (max-width: 251px) 100vw, 251px\" \/><p id=\"caption-attachment-53808\" class=\"wp-caption-text\">MOMENTO DE SIL\u00caNCIO E ORA\u00c7\u00c3O.<\/p><\/div>\n<p style=\"font-weight: 400;\"><em>sobre o que Jesus sofreu e o que ele deixou de legado para seus filhos: \u201cHoje n\u00f3s estamos repetindo a morte de Jesus. Uma morte muito violenta. Ele enfrentou a dor da trai\u00e7\u00e3o, a dor de ser criticado, mais do que a dor da morte do corpo. Ele veio implantar a boa nova, o Reino dos c\u00e9us aqui na Terra. O Reino da justi\u00e7a, da verdade, do amor. O Reino da Fraternidade, o Reino da paz (&#8230;)\u201d<\/em><\/p>\n<p style=\"font-weight: 400;\"><em>\u00a0<\/em><em>Em seguida, houve a Prociss\u00e3o do Senhor Morto, pelas ruas e avenidas do bairro S\u00e3o Caetano.<\/em><\/p>\n<p style=\"font-weight: 400;\"><em>\u00a0<\/em><em>Neste s\u00e1bado (31), na igreja matriz de\u00a0\u00a0Santa Rita de C\u00e1ssia \u00e0s 19h acontece a\u00a0\u00a0B\u00ean\u00e7\u00e3o do Fogo Novo, a Celebra\u00e7\u00e3o da Vig\u00edlia Pascal, ap\u00f3s a prociss\u00e3o. No domingo, acontece a Celebra\u00e7\u00e3o da Ressurrei\u00e7\u00e3o do Senhor, a partir das 19h. Participe!<\/em><\/p>\n<p style=\"font-weight: 400;\">\u00a0Acompanhe toda a programa\u00e7\u00e3o com transmiss\u00e3o ao vivo pelo Portal Cat\u00f3lico Web R\u00e1dio em tempo real. Acesse o site:\u00a0<a href=\"http:\/\/www.portalcatolico.net\/\" data-saferedirecturl=\"https:\/\/www.google.com\/url?hl=pt-BR&amp;q=http:\/\/www.portalcatolico.net\/&amp;source=gmail&amp;ust=1522539456972000&amp;usg=AFQjCNFFnOHjkRMxT557f8hQOQLwNU91Cg\">www.portalcatolico.net<\/a>\u00a0 ou baixe o aplicativo no Play\u00a0Store:\u00a0<a href=\"https:\/\/play.google.com\/store\/apps\/details?id=com.shoutcast.stm.portalcatolico\" data-saferedirecturl=\"https:\/\/www.google.com\/url?hl=pt-BR&amp;q=https:\/\/play.google.com\/store\/apps\/details?id%3Dcom.shoutcast.stm.portalcatolico&amp;source=gmail&amp;ust=1522539456972000&amp;usg=AFQjCNH_tMfl9K5_CSWU5Jr5pUJBO6gDsw\">https:\/\/play.google.com\/store\/apps\/details?id=com.shoutcast.stm.portalcatolico<\/a><\/p>\n<p style=\"font-weight: 400;\">Texto e fotos:Portal Cat\u00f3lico.net<\/p>\n<p><a href=\"https:\/\/www.facebook.com\/portalcatolicooficial\"><span style=\"color: #ff0000;\"><strong>Clique aqui para visualizar todas as fotos.<\/strong><\/span><\/a><\/p>\n<p style=\"font-weight: 400;\"><strong>Assista o v\u00eddeo:<\/strong><\/p>\n<p><iframe loading=\"lazy\"  id=\"_ytid_55688\"  width=\"480\" height=\"270\"  data-origwidth=\"480\" data-origheight=\"270\" src=\"https:\/\/www.youtube.com\/embed\/MhL6YGf3euE?enablejsapi=1&#038;autoplay=0&#038;cc_load_policy=0&#038;cc_lang_pref=&#038;iv_load_policy=1&#038;loop=0&#038;rel=1&#038;fs=1&#038;playsinline=0&#038;autohide=2&#038;theme=dark&#038;color=red&#038;controls=1&#038;disablekb=0&#038;\" class=\"__youtube_prefs__  epyt-is-override  no-lazyload\" title=\"YouTube player\"  allow=\"fullscreen; accelerometer; autoplay; clipboard-write; encrypted-media; gyroscope; picture-in-picture; web-share\" referrerpolicy=\"strict-origin-when-cross-origin\" allowfullscreen data-no-lazy=\"1\" data-skipgform_ajax_framebjll=\"\"><\/iframe><\/p>\n<p style=\"font-weight: 400;\">\n","protected":false},"excerpt":{"rendered":"<p>Nesta sexta- feira, 30 de mar\u00e7o, a Vig\u00edlia e Adora\u00e7\u00e3o a Jesus Eucar\u00edstico, teve in\u00edcio \u00e0s 6h, com a participa\u00e7\u00e3o de todas as pastorais, movimentos, grupos de ora\u00e7\u00e3o, comunidades, paroquianos\u00a0\u00a0e fieis de Santa Rita de C\u00e1ssia. A programa\u00e7\u00e3o seguiu \u00e0s 15h, com a Celebra\u00e7\u00e3o da Paix\u00e3o e Morte do Senhor, conhecida tamb\u00e9m como celebra\u00e7\u00e3o do&nbsp;<\/p>\n<p><a class=\"btn btn-style\" href=\"https:\/\/portalcatolico.net\/portal\/paroquia-santa-rita-de-cassia-realiza-celebracao-do-senhor-morto\/\">Continue Reading<\/a><\/p>\n","protected":false},"author":2,"featured_media":53807,"comment_status":"open","ping_status":"open","sticky":false,"template":"","format":"standard","meta":{"footnotes":""},"categories":[68],"tags":[],"class_list":["post-53806","post","type-post","status-publish","format-standard","has-post-thumbnail","hentry","category-homilias"],"_links":{"self":[{"href":"https:\/\/portalcatolico.net\/portal\/wp-json\/wp\/v2\/posts\/53806","targetHints":{"allow":["GET"]}}],"collection":[{"href":"https:\/\/portalcatolico.net\/portal\/wp-json\/wp\/v2\/posts"}],"about":[{"href":"https:\/\/portalcatolico.net\/portal\/wp-json\/wp\/v2\/types\/post"}],"author":[{"embeddable":true,"href":"https:\/\/portalcatolico.net\/portal\/wp-json\/wp\/v2\/users\/2"}],"replies":[{"embeddable":true,"href":"https:\/\/portalcatolico.net\/portal\/wp-json\/wp\/v2\/comments?post=53806"}],"version-history":[{"count":6,"href":"https:\/\/portalcatolico.net\/portal\/wp-json\/wp\/v2\/posts\/53806\/revisions"}],"predecessor-version":[{"id":53814,"href":"https:\/\/portalcatolico.net\/portal\/wp-json\/wp\/v2\/posts\/53806\/revisions\/53814"}],"wp:featuredmedia":[{"embeddable":true,"href":"https:\/\/portalcatolico.net\/portal\/wp-json\/wp\/v2\/media\/53807"}],"wp:attachment":[{"href":"https:\/\/portalcatolico.net\/portal\/wp-json\/wp\/v2\/media?parent=53806"}],"wp:term":[{"taxonomy":"category","embeddable":true,"href":"https:\/\/portalcatolico.net\/portal\/wp-json\/wp\/v2\/categories?post=53806"},{"taxonomy":"post_tag","embeddable":true,"href":"https:\/\/portalcatolico.net\/portal\/wp-json\/wp\/v2\/tags?post=53806"}],"curies":[{"name":"wp","href":"https:\/\/api.w.org\/{rel}","templated":true}]}}