{"id":53796,"date":"2018-03-30T13:12:47","date_gmt":"2018-03-30T16:12:47","guid":{"rendered":"http:\/\/portalcatolico.net\/portal\/?p=53796"},"modified":"2018-03-30T13:26:06","modified_gmt":"2018-03-30T16:26:06","slug":"una-missa-na-igreja-matriz-celebra-cerimonia-do-lava-pes","status":"publish","type":"post","link":"https:\/\/portalcatolico.net\/portal\/una-missa-na-igreja-matriz-celebra-cerimonia-do-lava-pes\/","title":{"rendered":"UNA: MISSA NA IGREJA MATRIZ CELEBRA CERIM\u00d4NIA DO LAVA-P\u00c9S"},"content":{"rendered":"<p style=\"font-weight: 400;\">A cerim\u00f4nia do Lava-p\u00e9s marcou na noite desta quinta-feira (29) a missa de Quinta-feira Santa na Igreja Matriz S\u00e3o Jos\u00e9 (Una\/BA). O Padre Nerivaldo Azevedo lavou e beijou os p\u00e9s de 12 pessoas da comunidade. A cerim\u00f4nia \u00e9 repetida anualmente na Igreja Cat\u00f3lica como s\u00edmbolo do gesto feito por Jesus Cristo aos seus disc\u00edpulos no epis\u00f3dio da \u00faltima ceia, antes de ser tra\u00eddo e entregue \u00e0s autoridades romanas para ser crucificado na Sexta-Feira da Paix\u00e3o.<\/p>\n<p style=\"font-weight: 400;\">A atitude de Jesus como s\u00edmbolo de amor aos crist\u00e3os \u00e9 um amor que n\u00e3o muda, que n\u00e3o termina, que n\u00e3o perde sua atualidade e que nos acompanha sempre. Jesus ama at\u00e9 ao extremo de morrer por n\u00f3s.<\/p>\n<p style=\"font-weight: 400;\">Fotos e texto: Pascom-Par\u00f3quia S\u00e3o Jos\u00e9 de Una-Ba.<\/p>\n<p style=\"font-weight: 400;\"><img loading=\"lazy\" decoding=\"async\" class=\"alignnone size-medium wp-image-53798\" src=\"http:\/\/portalcatolico.net\/portal\/wp-content\/uploads\/2018\/03\/IMG-20180330-WA0008-300x225.jpg\" alt=\"IMG-20180330-WA0008\" width=\"300\" height=\"225\" srcset=\"https:\/\/portalcatolico.net\/portal\/wp-content\/uploads\/2018\/03\/IMG-20180330-WA0008-300x225.jpg 300w, https:\/\/portalcatolico.net\/portal\/wp-content\/uploads\/2018\/03\/IMG-20180330-WA0008-768x576.jpg 768w, https:\/\/portalcatolico.net\/portal\/wp-content\/uploads\/2018\/03\/IMG-20180330-WA0008-1024x768.jpg 1024w, https:\/\/portalcatolico.net\/portal\/wp-content\/uploads\/2018\/03\/IMG-20180330-WA0008.jpg 1280w\" sizes=\"auto, (max-width: 300px) 100vw, 300px\" \/> <img loading=\"lazy\" decoding=\"async\" class=\"alignnone size-medium wp-image-53800\" src=\"http:\/\/portalcatolico.net\/portal\/wp-content\/uploads\/2018\/03\/IMG-20180330-WA0031-300x180.jpg\" alt=\"IMG-20180330-WA0031\" width=\"300\" height=\"180\" srcset=\"https:\/\/portalcatolico.net\/portal\/wp-content\/uploads\/2018\/03\/IMG-20180330-WA0031-300x180.jpg 300w, https:\/\/portalcatolico.net\/portal\/wp-content\/uploads\/2018\/03\/IMG-20180330-WA0031-768x461.jpg 768w, https:\/\/portalcatolico.net\/portal\/wp-content\/uploads\/2018\/03\/IMG-20180330-WA0031-1024x614.jpg 1024w, https:\/\/portalcatolico.net\/portal\/wp-content\/uploads\/2018\/03\/IMG-20180330-WA0031.jpg 1080w\" sizes=\"auto, (max-width: 300px) 100vw, 300px\" \/><img loading=\"lazy\" decoding=\"async\" class=\"alignnone size-medium wp-image-53799\" src=\"http:\/\/portalcatolico.net\/portal\/wp-content\/uploads\/2018\/03\/IMG-20180330-WA0019-1-300x225.jpg\" alt=\"IMG-20180330-WA0019\" width=\"300\" height=\"225\" srcset=\"https:\/\/portalcatolico.net\/portal\/wp-content\/uploads\/2018\/03\/IMG-20180330-WA0019-1-300x225.jpg 300w, https:\/\/portalcatolico.net\/portal\/wp-content\/uploads\/2018\/03\/IMG-20180330-WA0019-1-768x576.jpg 768w, https:\/\/portalcatolico.net\/portal\/wp-content\/uploads\/2018\/03\/IMG-20180330-WA0019-1-1024x768.jpg 1024w, https:\/\/portalcatolico.net\/portal\/wp-content\/uploads\/2018\/03\/IMG-20180330-WA0019-1.jpg 1280w\" sizes=\"auto, (max-width: 300px) 100vw, 300px\" \/> <img loading=\"lazy\" decoding=\"async\" class=\"alignnone size-medium wp-image-53801\" src=\"http:\/\/portalcatolico.net\/portal\/wp-content\/uploads\/2018\/03\/IMG-20180330-WA0036-300x225.jpg\" alt=\"IMG-20180330-WA0036\" width=\"300\" height=\"225\" srcset=\"https:\/\/portalcatolico.net\/portal\/wp-content\/uploads\/2018\/03\/IMG-20180330-WA0036-300x225.jpg 300w, https:\/\/portalcatolico.net\/portal\/wp-content\/uploads\/2018\/03\/IMG-20180330-WA0036-768x576.jpg 768w, https:\/\/portalcatolico.net\/portal\/wp-content\/uploads\/2018\/03\/IMG-20180330-WA0036-1024x768.jpg 1024w, https:\/\/portalcatolico.net\/portal\/wp-content\/uploads\/2018\/03\/IMG-20180330-WA0036.jpg 1280w\" sizes=\"auto, (max-width: 300px) 100vw, 300px\" \/><\/p>\n","protected":false},"excerpt":{"rendered":"<p>A cerim\u00f4nia do Lava-p\u00e9s marcou na noite desta quinta-feira (29) a missa de Quinta-feira Santa na Igreja Matriz S\u00e3o Jos\u00e9 (Una\/BA). O Padre Nerivaldo Azevedo lavou e beijou os p\u00e9s de 12 pessoas da comunidade. A cerim\u00f4nia \u00e9 repetida anualmente na Igreja Cat\u00f3lica como s\u00edmbolo do gesto feito por Jesus Cristo aos seus disc\u00edpulos no&nbsp;<\/p>\n<p><a class=\"btn btn-style\" href=\"https:\/\/portalcatolico.net\/portal\/una-missa-na-igreja-matriz-celebra-cerimonia-do-lava-pes\/\">Continue Reading<\/a><\/p>\n","protected":false},"author":2,"featured_media":53797,"comment_status":"open","ping_status":"open","sticky":false,"template":"","format":"standard","meta":{"footnotes":""},"categories":[4],"tags":[],"class_list":["post-53796","post","type-post","status-publish","format-standard","has-post-thumbnail","hentry","category-destaques"],"_links":{"self":[{"href":"https:\/\/portalcatolico.net\/portal\/wp-json\/wp\/v2\/posts\/53796","targetHints":{"allow":["GET"]}}],"collection":[{"href":"https:\/\/portalcatolico.net\/portal\/wp-json\/wp\/v2\/posts"}],"about":[{"href":"https:\/\/portalcatolico.net\/portal\/wp-json\/wp\/v2\/types\/post"}],"author":[{"embeddable":true,"href":"https:\/\/portalcatolico.net\/portal\/wp-json\/wp\/v2\/users\/2"}],"replies":[{"embeddable":true,"href":"https:\/\/portalcatolico.net\/portal\/wp-json\/wp\/v2\/comments?post=53796"}],"version-history":[{"count":3,"href":"https:\/\/portalcatolico.net\/portal\/wp-json\/wp\/v2\/posts\/53796\/revisions"}],"predecessor-version":[{"id":53805,"href":"https:\/\/portalcatolico.net\/portal\/wp-json\/wp\/v2\/posts\/53796\/revisions\/53805"}],"wp:featuredmedia":[{"embeddable":true,"href":"https:\/\/portalcatolico.net\/portal\/wp-json\/wp\/v2\/media\/53797"}],"wp:attachment":[{"href":"https:\/\/portalcatolico.net\/portal\/wp-json\/wp\/v2\/media?parent=53796"}],"wp:term":[{"taxonomy":"category","embeddable":true,"href":"https:\/\/portalcatolico.net\/portal\/wp-json\/wp\/v2\/categories?post=53796"},{"taxonomy":"post_tag","embeddable":true,"href":"https:\/\/portalcatolico.net\/portal\/wp-json\/wp\/v2\/tags?post=53796"}],"curies":[{"name":"wp","href":"https:\/\/api.w.org\/{rel}","templated":true}]}}