{"id":53448,"date":"2018-03-25T21:40:41","date_gmt":"2018-03-26T00:40:41","guid":{"rendered":"http:\/\/portalcatolico.net\/portal\/?p=53448"},"modified":"2018-03-25T21:50:41","modified_gmt":"2018-03-26T00:50:41","slug":"paroquianos-da-santa-rita-de-cassia-se-reunem-para-discussao-de-tema-da-campanha-da-fraternidade-2018","status":"publish","type":"post","link":"https:\/\/portalcatolico.net\/portal\/paroquianos-da-santa-rita-de-cassia-se-reunem-para-discussao-de-tema-da-campanha-da-fraternidade-2018\/","title":{"rendered":"Paroquianos da Santa Rita de C\u00e1ssia se re\u00fanem para discuss\u00e3o de tema da Campanha da Fraternidade 2018"},"content":{"rendered":"<p class=\"m_7743284740402586712xgmail-msonospacing\"><em>Neste\u00a0\u00a0\u00faltimo s\u00e1bado (24), a Par\u00f3quia Santa Rita de C\u00e1ssia\u00a0\u00a0e os animadores de comunidades, pastorais, movimentos e grupos se reuniram para discutir, estudar e refletir o tema da Campanha da Fraternidade deste ano, proposto pelo Confer\u00eancia Nacional dos Bispos do Brasil (CNBB): \u201cFraternidade e supera\u00e7\u00e3o da viol\u00eancia\u201d e o lema \u201cEm Cristo somos todos irm\u00e3os\u201d (Mt 23,8). O estudo sobre a Campanha da Fraternidade foi assessorado por Davi Pedreira, membro da Pastoral <img loading=\"lazy\" decoding=\"async\" class=\" wp-image-53449 alignright\" src=\"http:\/\/portalcatolico.net\/portal\/wp-content\/uploads\/2018\/03\/Val-1-3-300x225.jpg\" alt=\"Val-1\" width=\"248\" height=\"186\" srcset=\"https:\/\/portalcatolico.net\/portal\/wp-content\/uploads\/2018\/03\/Val-1-3-300x225.jpg 300w, https:\/\/portalcatolico.net\/portal\/wp-content\/uploads\/2018\/03\/Val-1-3-768x576.jpg 768w, https:\/\/portalcatolico.net\/portal\/wp-content\/uploads\/2018\/03\/Val-1-3.jpg 1000w\" sizes=\"auto, (max-width: 248px) 100vw, 248px\" \/>Carcer\u00e1ria e pelo p\u00e1roco da Igreja matriz, o Pe. Frei Jose Genilton. Al\u00e9m das discuss\u00f5es sobre o tema, tamb\u00e9m aconteceu o trabalho em grupos, pastilha\u00a0\u00a0e o gesto concreto.<u><\/u><u><\/u><\/em><\/p>\n<p class=\"m_7743284740402586712xgmail-msonospacing\"><em>O encontro teve in\u00edcio \u00e0s 14h30 e finalizou com ora\u00e7\u00e3o, \u00e0s 17h.<\/em><u><\/u><u><\/u><\/p>\n<p class=\"m_7743284740402586712xgmail-msonospacing\"><em>O evento come\u00e7ou com um momento de espiritualidade e na sequ\u00eancia houve palestras e discuss\u00f5es com exposi\u00e7\u00e3o da realidade brasileira sobre as diversas formas de viol\u00eancia sofridas e praticadas pelo ser humano.<\/em><u><\/u><u><\/u><\/p>\n<p class=\"m_7743284740402586712xgmail-msonospacing\"><em>\u00a0<\/em><em><b>Conhe\u00e7a um pouco como come\u00e7ou a Campanha da Fraternidade<\/b><\/em><u><\/u><u><\/u><\/p>\n<p class=\"m_7743284740402586712xgmail-msonospacing\"><em>A Campanha da Fraternidade t<\/em><em>eve in\u00edcio na d\u00e9cada de 60 no Brasil, quando tr\u00eas padres, respons\u00e1veis pela C\u00e1ritas no Brasil, idealizaram uma campanha, cujo objetivo era angariar fundos para atividades assistenciais. A esta ideia deram o nome de Campanha da Fraternidade, e foi realizada pela primeira vez na quaresma de 1962, em Natal, capital do Rio Grande do Norte.<\/em><u><\/u><u><\/u><\/p>\n<p class=\"m_7743284740402586712xgmail-msonospacing\"><em>Em 1964 foi lan\u00e7ada divulgada pela CNBB a primeira Campanha da Fraternidade de abrang\u00eancia Nacional, com o tema \u201cIgreja em Renova\u00e7\u00e3o\u201d, sob responsabilidade do Secretariado Nacional de A\u00e7\u00e3o Social da CNBB, sob cuja depend\u00eancia na \u00e9poca estava a C\u00e1ritas Brasileira, idealizadora da mesma.<\/em>\u00a0A Campanha da Fraternidade hoje \u00e9 uma institui\u00e7\u00e3o de\u00a0mais de meio s\u00e9culo de hist\u00f3ria,\u00a0que muito contribui para a sociedade brasileira. Ela nasceu no\u00a0contexto do Conc\u00edlio Vaticano II, que iniciou um tempo de renova\u00e7\u00e3o na Igreja, trazendo muitas luzes para todas as realidades da Igreja. O grande objetivo da CF \u00e9 despertar nas pessoas o senso de justi\u00e7a social, de fraternidade e de amor ao pr\u00f3ximo.<\/p>\n<p class=\"m_7743284740402586712xgmail-msonospacing\">Por:Reda\u00e7\u00e3o Portal Cat\u00f3lico<\/p>\n","protected":false},"excerpt":{"rendered":"<p>Neste\u00a0\u00a0\u00faltimo s\u00e1bado (24), a Par\u00f3quia Santa Rita de C\u00e1ssia\u00a0\u00a0e os animadores de comunidades, pastorais, movimentos e grupos se reuniram para discutir, estudar e refletir o tema da Campanha da Fraternidade deste ano, proposto pelo Confer\u00eancia Nacional dos Bispos do Brasil (CNBB): \u201cFraternidade e supera\u00e7\u00e3o da viol\u00eancia\u201d e o lema \u201cEm Cristo somos todos irm\u00e3os\u201d (Mt&nbsp;<\/p>\n<p><a class=\"btn btn-style\" href=\"https:\/\/portalcatolico.net\/portal\/paroquianos-da-santa-rita-de-cassia-se-reunem-para-discussao-de-tema-da-campanha-da-fraternidade-2018\/\">Continue Reading<\/a><\/p>\n","protected":false},"author":2,"featured_media":53451,"comment_status":"open","ping_status":"open","sticky":false,"template":"","format":"standard","meta":{"footnotes":""},"categories":[2],"tags":[],"class_list":["post-53448","post","type-post","status-publish","format-standard","has-post-thumbnail","hentry","category-eventos"],"_links":{"self":[{"href":"https:\/\/portalcatolico.net\/portal\/wp-json\/wp\/v2\/posts\/53448","targetHints":{"allow":["GET"]}}],"collection":[{"href":"https:\/\/portalcatolico.net\/portal\/wp-json\/wp\/v2\/posts"}],"about":[{"href":"https:\/\/portalcatolico.net\/portal\/wp-json\/wp\/v2\/types\/post"}],"author":[{"embeddable":true,"href":"https:\/\/portalcatolico.net\/portal\/wp-json\/wp\/v2\/users\/2"}],"replies":[{"embeddable":true,"href":"https:\/\/portalcatolico.net\/portal\/wp-json\/wp\/v2\/comments?post=53448"}],"version-history":[{"count":2,"href":"https:\/\/portalcatolico.net\/portal\/wp-json\/wp\/v2\/posts\/53448\/revisions"}],"predecessor-version":[{"id":53452,"href":"https:\/\/portalcatolico.net\/portal\/wp-json\/wp\/v2\/posts\/53448\/revisions\/53452"}],"wp:featuredmedia":[{"embeddable":true,"href":"https:\/\/portalcatolico.net\/portal\/wp-json\/wp\/v2\/media\/53451"}],"wp:attachment":[{"href":"https:\/\/portalcatolico.net\/portal\/wp-json\/wp\/v2\/media?parent=53448"}],"wp:term":[{"taxonomy":"category","embeddable":true,"href":"https:\/\/portalcatolico.net\/portal\/wp-json\/wp\/v2\/categories?post=53448"},{"taxonomy":"post_tag","embeddable":true,"href":"https:\/\/portalcatolico.net\/portal\/wp-json\/wp\/v2\/tags?post=53448"}],"curies":[{"name":"wp","href":"https:\/\/api.w.org\/{rel}","templated":true}]}}