{"id":53440,"date":"2018-03-24T21:14:26","date_gmt":"2018-03-25T00:14:26","guid":{"rendered":"http:\/\/portalcatolico.net\/portal\/?p=53440"},"modified":"2018-03-25T07:34:29","modified_gmt":"2018-03-25T10:34:29","slug":"imagem-de-nossa-senhora-da-piedade-e-venerada-por-fieis-em-itabuna","status":"publish","type":"post","link":"https:\/\/portalcatolico.net\/portal\/imagem-de-nossa-senhora-da-piedade-e-venerada-por-fieis-em-itabuna\/","title":{"rendered":"Imagem de Nossa Senhora da Piedade \u00e9 venerada por fieis em Itabuna"},"content":{"rendered":"<div dir=\"auto\">A Imagem Peregrina de Nossa Senhora da Piedade, padroeira dos Frades Menores Capuchinhos da Prov\u00edncia de Bahia\u00a0 e Sergipe, est\u00e1 visitando \u00a0as\u00a0 \u00a0Par\u00f3quias que s\u00e3o administradas pelos Frades Capuchinos, na igreja matriz de Santa Rita de C\u00e1ssia, na Diocese de Itabuna, no sul da Bahia.<\/div>\n<div dir=\"auto\">A visita \u00e9 em prepara\u00e7\u00e3o\u00a0ao anivers\u00e1rio dos 35 anos da Prov\u00edncia. A imagem da santa chegou no dia 02 de mar\u00e7o de 2018 e \u00a0foi acolhida com uma santa\u00a0 celebra\u00e7\u00e3o que foi presidida pelo Vig\u00e1rio\u00a0 Provincial,\u00a0 o Pe. Frei Gilson de Jesus Marinho e concelebrada pelo Pe. Frei Jos\u00e9 Genilton, \u00a0p\u00e1roco da Par\u00f3quia de Santa Rita.<\/div>\n<div dir=\"auto\">A venera\u00e7\u00e3o \u00e0 santa segue at\u00e9 29 de mar\u00e7o. \u00a0A festa vai acontecer no dia 02 de julho de 2018.<\/div>\n<div dir=\"auto\">A pr\u00f3xima visita ser\u00e1 \u00a0na Par\u00f3quia S\u00e3o Francisco, na\u00a0Diocese de Eun\u00e1polis, no extremo sul baiano.<\/div>\n<div dir=\"auto\">A\u00a0 Imagem da Santa Peregrina veio do convento e \u00a0Par\u00f3quia de\u00a0 Nossa Senhora de F\u00e1tima da Arquidiocese de Vit\u00f3ria da Conquista.<\/div>\n<div dir=\"auto\">Frei Genilton, em uma das celebra\u00e7\u00f5es, falou \u00a0que essa especial visita \u00e9 uma b\u00ean\u00e7\u00e3o, pois coincidiu com as comemora\u00e7\u00f5es dos 50 anos de evangeliza\u00e7\u00e3o da Par\u00f3quia \u00a0Santa Rita de C\u00e1ssia.<\/div>\n<div dir=\"auto\">A ideia da visita surgiu como uma proposta provincial para celebrar os 35 anos de eleva\u00e7\u00e3o can\u00f4nica da Prov\u00edncia Bahia e Sergipe.\u00a0 Foi feita uma escala\u00a0com todos os grupos, pastorais, movimentos e comunidades para venera\u00e7\u00e3o.<\/div>\n<div dir=\"auto\"><strong>Confira a programa\u00e7\u00e3o completa.<\/strong><\/div>\n<div dir=\"auto\"><\/div>\n<div dir=\"auto\">\n<p><strong><em>Dia 25.03(Domingo)8:00 \u00e1s 19h.<\/em><\/strong><\/p>\n<p><em>8:00h \u00e1s 11:00h \u2013 Comunidade S\u00e3o Francisco.<\/em><\/p>\n<p><em>11:00h \u00e1s 13:00h \u2013 Comunidade Nossa Senhora de Lourdes.<\/em><\/p>\n<p><em>13:00h \u00e1s 16:00h \u2013 Pastoral do Dizimo.<\/em><\/p>\n<p><em>16:00h \u00e1s 18:30h \u2013 Ter\u00e7o dos Homens<\/em><\/p>\n<p><em>19:00h \u2013 Missa.<\/em><\/p>\n<p><em>\u00a0<\/em><strong><em>Dia 26.03 (Segunda-Feira) 8: \u00e1s 19h.<\/em><\/strong><\/p>\n<p><em>8:00h \u00e1s 11:00h \u2013 Apostolado da Ora\u00e7\u00e3o.<\/em><\/p>\n<p><em>11:00h \u00e1s 13:00h \u2013 Renova\u00e7\u00e3o Carism\u00e1tica Cat\u00f3lica.<\/em><\/p>\n<p><em>13:00h \u00e1s 18:30h \u2013 Pastoral Familiar.<\/em><\/p>\n<p><em>16:00h \u00e1s 18:30h \u2013 Legi\u00e3o de Maria.<\/em><\/p>\n<p><em>19:00h -Missa.<\/em><\/p>\n<p><em>\u00a0<\/em><strong><em>27.03 (Ter\u00e7a \u2013Feira \u2013 8:00 \u00e1s 19:00h.<\/em><\/strong><\/p>\n<p><em>8:00h \u00e1s 18:30h \u2013 Comunidade \u2013Grupo.<\/em><\/p>\n<p><em>19:00h \u2013 Missa <\/em><\/p>\n<p><em>\u00a0<\/em><strong><em>28.03 (Quinta-feira) 8:00h \u00e1s 19:00h.<\/em><\/strong><\/p>\n<p><em>8:00h \u00e1s 18:30h \u2013 Comunidade \u2013Grupo.<\/em><\/p>\n<p><em>19:00h \u2013 Missa <\/em><\/p>\n<p><em>\u00a0<\/em><strong><em>29.03 (Quinta-Feira)8:00h \u00e1s 19:00h.<\/em><\/strong><\/p>\n<p><em>8:00h \u00e1s 18:30h \u2013 Comunidade \u2013Grupo.<\/em><\/p>\n<p><em>19:00h \u2013 Missa<\/em><\/p>\n<\/div>\n","protected":false},"excerpt":{"rendered":"<p>A Imagem Peregrina de Nossa Senhora da Piedade, padroeira dos Frades Menores Capuchinhos da Prov\u00edncia de Bahia\u00a0 e Sergipe, est\u00e1 visitando \u00a0as\u00a0 \u00a0Par\u00f3quias que s\u00e3o administradas pelos Frades Capuchinos, na igreja matriz de Santa Rita de C\u00e1ssia, na Diocese de Itabuna, no sul da Bahia. A visita \u00e9 em prepara\u00e7\u00e3o\u00a0ao anivers\u00e1rio dos 35 anos da&nbsp;<\/p>\n<p><a class=\"btn btn-style\" href=\"https:\/\/portalcatolico.net\/portal\/imagem-de-nossa-senhora-da-piedade-e-venerada-por-fieis-em-itabuna\/\">Continue Reading<\/a><\/p>\n","protected":false},"author":2,"featured_media":53442,"comment_status":"open","ping_status":"open","sticky":false,"template":"","format":"standard","meta":{"footnotes":""},"categories":[1],"tags":[],"class_list":["post-53440","post","type-post","status-publish","format-standard","has-post-thumbnail","hentry","category-agenda"],"_links":{"self":[{"href":"https:\/\/portalcatolico.net\/portal\/wp-json\/wp\/v2\/posts\/53440","targetHints":{"allow":["GET"]}}],"collection":[{"href":"https:\/\/portalcatolico.net\/portal\/wp-json\/wp\/v2\/posts"}],"about":[{"href":"https:\/\/portalcatolico.net\/portal\/wp-json\/wp\/v2\/types\/post"}],"author":[{"embeddable":true,"href":"https:\/\/portalcatolico.net\/portal\/wp-json\/wp\/v2\/users\/2"}],"replies":[{"embeddable":true,"href":"https:\/\/portalcatolico.net\/portal\/wp-json\/wp\/v2\/comments?post=53440"}],"version-history":[{"count":3,"href":"https:\/\/portalcatolico.net\/portal\/wp-json\/wp\/v2\/posts\/53440\/revisions"}],"predecessor-version":[{"id":53447,"href":"https:\/\/portalcatolico.net\/portal\/wp-json\/wp\/v2\/posts\/53440\/revisions\/53447"}],"wp:featuredmedia":[{"embeddable":true,"href":"https:\/\/portalcatolico.net\/portal\/wp-json\/wp\/v2\/media\/53442"}],"wp:attachment":[{"href":"https:\/\/portalcatolico.net\/portal\/wp-json\/wp\/v2\/media?parent=53440"}],"wp:term":[{"taxonomy":"category","embeddable":true,"href":"https:\/\/portalcatolico.net\/portal\/wp-json\/wp\/v2\/categories?post=53440"},{"taxonomy":"post_tag","embeddable":true,"href":"https:\/\/portalcatolico.net\/portal\/wp-json\/wp\/v2\/tags?post=53440"}],"curies":[{"name":"wp","href":"https:\/\/api.w.org\/{rel}","templated":true}]}}