{"id":53416,"date":"2018-03-24T20:37:36","date_gmt":"2018-03-24T23:37:36","guid":{"rendered":"http:\/\/portalcatolico.net\/portal\/?p=53416"},"modified":"2018-03-24T20:46:49","modified_gmt":"2018-03-24T23:46:49","slug":"caminhada-pela-paz-leva-multidao-as-ruas","status":"publish","type":"post","link":"https:\/\/portalcatolico.net\/portal\/caminhada-pela-paz-leva-multidao-as-ruas\/","title":{"rendered":"Caminhada Pela Paz Leva Multid\u00e3o \u00e0s Ruas"},"content":{"rendered":"<p>A Caminhada Pela Paz 2018 reuniu cerca de 5 mil pessoas neste s\u00e1bado, dia 24 de mar\u00e7o, a estimativa \u00e9 da organiza\u00e7\u00e3o do evento. A multid\u00e3o come\u00e7ou a se concentrar em frente ao est\u00e1dio municipal a partir das 8h e saiu em caminhada rumo \u00e0 pra\u00e7a da B\u00edblia \u00e0s 9:30h.<\/p>\n<p>Ao longo do percurso foram feitas reflex\u00f5es sobre temas importantes como juventude, terceira idade e viol\u00eancia contra a mulher. Nem a chuva que caiu atrapalhou os participantes que, em seus diversos grupos, caminharam, cantaram e rezaram pela paz em um gesto de comunh\u00e3o fraterna.<\/p>\n<p>A caminhada se encerrou na Pra\u00e7a da B\u00edblia com a fala do Padre da Igreja Sirian Ortodoxa de Antioquia, Celso Kalarrari; do Pastor Oseias Santos, representante da Primeira Igreja Batista de Teixeira de Freitas; e de Dom Jailton de Oliveira Lino, bispo da Diocese de Teixeira de Freitas \/ Caravelas-Ba.<\/p>\n<p>Texto e fotos: PASCOM-Diocese de Teixeira de Freitas<\/p>\n<p><img loading=\"lazy\" decoding=\"async\" class=\"alignnone size-medium wp-image-53425\" src=\"http:\/\/portalcatolico.net\/portal\/wp-content\/uploads\/2018\/03\/IMG_0221-1-300x200.jpg\" alt=\"IMG_0221\" width=\"300\" height=\"200\" srcset=\"https:\/\/portalcatolico.net\/portal\/wp-content\/uploads\/2018\/03\/IMG_0221-1-300x200.jpg 300w, https:\/\/portalcatolico.net\/portal\/wp-content\/uploads\/2018\/03\/IMG_0221-1-768x512.jpg 768w, https:\/\/portalcatolico.net\/portal\/wp-content\/uploads\/2018\/03\/IMG_0221-1-1024x683.jpg 1024w, https:\/\/portalcatolico.net\/portal\/wp-content\/uploads\/2018\/03\/IMG_0221-1.jpg 1152w\" sizes=\"auto, (max-width: 300px) 100vw, 300px\" \/> <img loading=\"lazy\" decoding=\"async\" class=\"alignnone size-medium wp-image-53426\" src=\"http:\/\/portalcatolico.net\/portal\/wp-content\/uploads\/2018\/03\/IMG_0227-1-300x200.jpg\" alt=\"IMG_0227\" width=\"300\" height=\"200\" srcset=\"https:\/\/portalcatolico.net\/portal\/wp-content\/uploads\/2018\/03\/IMG_0227-1-300x200.jpg 300w, https:\/\/portalcatolico.net\/portal\/wp-content\/uploads\/2018\/03\/IMG_0227-1-768x512.jpg 768w, https:\/\/portalcatolico.net\/portal\/wp-content\/uploads\/2018\/03\/IMG_0227-1-1024x683.jpg 1024w, https:\/\/portalcatolico.net\/portal\/wp-content\/uploads\/2018\/03\/IMG_0227-1.jpg 1152w\" sizes=\"auto, (max-width: 300px) 100vw, 300px\" \/> <img loading=\"lazy\" decoding=\"async\" class=\"alignnone size-medium wp-image-53427\" src=\"http:\/\/portalcatolico.net\/portal\/wp-content\/uploads\/2018\/03\/IMG_0264-1-300x200.jpg\" alt=\"IMG_0264\" width=\"300\" height=\"200\" srcset=\"https:\/\/portalcatolico.net\/portal\/wp-content\/uploads\/2018\/03\/IMG_0264-1-300x200.jpg 300w, https:\/\/portalcatolico.net\/portal\/wp-content\/uploads\/2018\/03\/IMG_0264-1-768x512.jpg 768w, https:\/\/portalcatolico.net\/portal\/wp-content\/uploads\/2018\/03\/IMG_0264-1-1024x683.jpg 1024w, https:\/\/portalcatolico.net\/portal\/wp-content\/uploads\/2018\/03\/IMG_0264-1.jpg 1152w\" sizes=\"auto, (max-width: 300px) 100vw, 300px\" \/> <img loading=\"lazy\" decoding=\"async\" class=\"alignnone size-medium wp-image-53428\" src=\"http:\/\/portalcatolico.net\/portal\/wp-content\/uploads\/2018\/03\/IMG_0271-1-300x200.jpg\" alt=\"IMG_0271\" width=\"300\" height=\"200\" srcset=\"https:\/\/portalcatolico.net\/portal\/wp-content\/uploads\/2018\/03\/IMG_0271-1-300x200.jpg 300w, https:\/\/portalcatolico.net\/portal\/wp-content\/uploads\/2018\/03\/IMG_0271-1-768x512.jpg 768w, https:\/\/portalcatolico.net\/portal\/wp-content\/uploads\/2018\/03\/IMG_0271-1-1024x683.jpg 1024w, https:\/\/portalcatolico.net\/portal\/wp-content\/uploads\/2018\/03\/IMG_0271-1.jpg 1152w\" sizes=\"auto, (max-width: 300px) 100vw, 300px\" \/><\/p>\n","protected":false},"excerpt":{"rendered":"<p>A Caminhada Pela Paz 2018 reuniu cerca de 5 mil pessoas neste s\u00e1bado, dia 24 de mar\u00e7o, a estimativa \u00e9 da organiza\u00e7\u00e3o do evento. A multid\u00e3o come\u00e7ou a se concentrar em frente ao est\u00e1dio municipal a partir das 8h e saiu em caminhada rumo \u00e0 pra\u00e7a da B\u00edblia \u00e0s 9:30h. Ao longo do percurso foram&nbsp;<\/p>\n<p><a class=\"btn btn-style\" href=\"https:\/\/portalcatolico.net\/portal\/caminhada-pela-paz-leva-multidao-as-ruas\/\">Continue Reading<\/a><\/p>\n","protected":false},"author":2,"featured_media":53417,"comment_status":"open","ping_status":"open","sticky":false,"template":"","format":"standard","meta":{"footnotes":""},"categories":[3],"tags":[],"class_list":["post-53416","post","type-post","status-publish","format-standard","has-post-thumbnail","hentry","category-noticias_regionais"],"_links":{"self":[{"href":"https:\/\/portalcatolico.net\/portal\/wp-json\/wp\/v2\/posts\/53416","targetHints":{"allow":["GET"]}}],"collection":[{"href":"https:\/\/portalcatolico.net\/portal\/wp-json\/wp\/v2\/posts"}],"about":[{"href":"https:\/\/portalcatolico.net\/portal\/wp-json\/wp\/v2\/types\/post"}],"author":[{"embeddable":true,"href":"https:\/\/portalcatolico.net\/portal\/wp-json\/wp\/v2\/users\/2"}],"replies":[{"embeddable":true,"href":"https:\/\/portalcatolico.net\/portal\/wp-json\/wp\/v2\/comments?post=53416"}],"version-history":[{"count":4,"href":"https:\/\/portalcatolico.net\/portal\/wp-json\/wp\/v2\/posts\/53416\/revisions"}],"predecessor-version":[{"id":53429,"href":"https:\/\/portalcatolico.net\/portal\/wp-json\/wp\/v2\/posts\/53416\/revisions\/53429"}],"wp:featuredmedia":[{"embeddable":true,"href":"https:\/\/portalcatolico.net\/portal\/wp-json\/wp\/v2\/media\/53417"}],"wp:attachment":[{"href":"https:\/\/portalcatolico.net\/portal\/wp-json\/wp\/v2\/media?parent=53416"}],"wp:term":[{"taxonomy":"category","embeddable":true,"href":"https:\/\/portalcatolico.net\/portal\/wp-json\/wp\/v2\/categories?post=53416"},{"taxonomy":"post_tag","embeddable":true,"href":"https:\/\/portalcatolico.net\/portal\/wp-json\/wp\/v2\/tags?post=53416"}],"curies":[{"name":"wp","href":"https:\/\/api.w.org\/{rel}","templated":true}]}}