{"id":53408,"date":"2018-03-24T07:19:23","date_gmt":"2018-03-24T10:19:23","guid":{"rendered":"http:\/\/portalcatolico.net\/portal\/?p=53408"},"modified":"2018-03-24T07:19:23","modified_gmt":"2018-03-24T10:19:23","slug":"papa-aos-jovens-do-opus-dei-sirvam-o-mundo-com-vossos-talentos","status":"publish","type":"post","link":"https:\/\/portalcatolico.net\/portal\/papa-aos-jovens-do-opus-dei-sirvam-o-mundo-com-vossos-talentos\/","title":{"rendered":"Papa aos jovens do Opus Dei: sirvam o mundo com vossos talentos"},"content":{"rendered":"<div class=\"article__text\"><\/div>\n<div class=\"article__text\">\n<p><em>Milhares de jovens universit\u00e1rios de diversas \u00a0partes do mundo ligados ao Opus Deis estar\u00e3o reunidos em Roma durante a Semana Santa para a refletir sobre o tema \u201cRepensar o futuro\u201d, no \u00e2mbito do 50\u00ba anivers\u00e1rio do Univ Forum 2018.<\/em><\/p>\n<p><em>No \u00e2mbito do 50\u00ba anivers\u00e1rio do UnivForum 2018, do\u00a0Opus Dei,\u00a0mais de 2.500 estudantes universit\u00e1rios de diversas partes do mundo estar\u00e3o reunidos em Roma na Semana Santa para refletir sobre o tema \u201cRepensar o futuro\u201d. A mensagem do Papa Francisco para o encontro foi divulgada esta sexta-feira, 23.<\/em><\/p>\n<p><strong><em>Uma bela oportunidade para se encontrar com Cristo<\/em><\/strong><\/p>\n<p><em>\u00a0<\/em><em>\u201cVoc\u00eas v\u00eam novamente \u00e0 Cidade Eterna \u2013 escreve Francisco \u2013 movidos pelo amor a Deus, \u00e0 Igreja e ao Papa. Assim, \u00e9 oferecida a voc\u00eas uma bela oportunidade para encontrarem-se com Cristo durante a Semana Santa e amadurecerem na f\u00e9 e no comprometimento, junto a outros jovens de culturas e experi\u00eancias diversas, mas animados por um mesmo desejo de felicidade, plenitude e doa\u00e7\u00e3o generosa\u201d.<\/em><\/p>\n<p><strong><em>Preparem-se para o S\u00ednodo\u00a0\u00a0<\/em><\/strong><\/p>\n<p><em>\u00a0<\/em><em>Recordando que este encontro internacional tem lugar justamente no ano em que se realizar\u00e1 o S\u00ednodo que ter\u00e1 por tema \u201cos jovens, a f\u00e9 e o discernimento vocacional\u201d, Francisco convida os participantes a \u201cprepararem-se\u201d para participar do \u201cevento eclesial\u201d.<\/em><\/p>\n<p><em>Para isto \u2013 escreve o Pont\u00edfice \u2013 \u201cfar\u00e1 bem dirigir o olhar a Jo\u00e3o, o jovem disc\u00edpulo que Jesus amava, a quem deu Maria como nossa M\u00e3e. Ele ensinar\u00e1 voc\u00eas a reconhecerem Jesus que passa na nossa vida e a segui-lo com o \u00edmpeto e a alegria que \u00abenche o cora\u00e7\u00e3o e a vida inteira daqueles que se encontram com Jesus\u00bb\u201d. (Evangelii gaudium, 1).<\/em><\/p>\n<p><strong><em>N\u00e3o deixar de cultivar a rela\u00e7\u00e3o com Deus<\/em><\/strong><\/p>\n<p><em>\u00a0<\/em><em>\u201cO Senhor &#8211; prossegue Francisco \u2013 \u00a0nos convida todos a segui-lo com alegria e a amar sem reserva a Deus e os outros. Ser\u00e1 de grande ajuda para voc\u00eas este conselho de S\u00e3o Josemar\u00eda: \u00abBusques a Cristo, encontres Cristo, ames Cristo\u00bb (Caminho, 382).<\/em><\/p>\n<p><em>Disto, o convite do Papa aos universit\u00e1rios: \u201cn\u00e3o \u00a0deixem de cultivar a cada dia a vossa rela\u00e7\u00e3o de amizade com Cristo, fazendo-se a pergunta muitas vezes: \u00abO que faria Jesus no meu lugar? O que eu posso fazer para assemelhar-me sempre \u00a0mais a Ele e lev\u00e1-lo aos outros?\u00bb.<\/em><\/p>\n<p><em>Busquem-no na ora\u00e7\u00e3o, nos sacramentos, em todas as circunst\u00e2ncias da vida de voc\u00eas e tamb\u00e9m nas pessoas que est\u00e3o pr\u00f3ximas a voc\u00eas, familiares, colegas de estudos, e naqueles que t\u00eam necessidade e s\u00e3o os esquecidos do \u00a0mundo, nos quais se reflete de modo particular, o rosto de Cristo\u201d.<\/em><\/p>\n<p><strong><em>Sirvam o mundo com os vossos talentos<\/em><\/strong><\/p>\n<p><em>\u00a0<\/em><em>Nas palavras do Papa, tamb\u00e9m a import\u00e2ncia do olhar para o mundo e o convite a sa\u00edrem de si mesmos, \u201cvencendo a comodidade e o ego\u00edsmo de pensar somente em suas coisas\u201d, para colocar-se a caminho.<\/em><\/p>\n<p><em>Francisco faz votos de que os jovens encontrem as pessoas \u201cnecessitadas\u201d, \u201cservindo-as\u201d com os pr\u00f3prios talentos: \u201ceste \u00e9 o melhor modo de seguir Cristo e de ter sempre o cora\u00e7\u00e3o enamorado d\u2019Ele\u201d.<\/em><\/p>\n<p><em>\u201cRezo por voc\u00eas\u201d, l\u00ea-se na conclus\u00e3o da mensagem. Rezo \u201cpelos projetos e aspira\u00e7\u00f5es de voc\u00eas, para que sintam em cada momento o amor do Senhor, que nos chamou para uma vida de doa\u00e7\u00e3o e de servi\u00e7o\u201d.\u00a0<\/em>(Vatican News)<\/p>\n<\/div>\n<div class=\"article__text\">\n<p>Por:Gabriela Geraso<\/p>\n<p>&nbsp;<\/p>\n<\/div>\n","protected":false},"excerpt":{"rendered":"<p>Milhares de jovens universit\u00e1rios de diversas \u00a0partes do mundo ligados ao Opus Deis estar\u00e3o reunidos em Roma durante a Semana Santa para a refletir sobre o tema \u201cRepensar o futuro\u201d, no \u00e2mbito do 50\u00ba anivers\u00e1rio do Univ Forum 2018. No \u00e2mbito do 50\u00ba anivers\u00e1rio do UnivForum 2018, do\u00a0Opus Dei,\u00a0mais de 2.500 estudantes universit\u00e1rios de diversas&nbsp;<\/p>\n<p><a class=\"btn btn-style\" href=\"https:\/\/portalcatolico.net\/portal\/papa-aos-jovens-do-opus-dei-sirvam-o-mundo-com-vossos-talentos\/\">Continue Reading<\/a><\/p>\n","protected":false},"author":2,"featured_media":53409,"comment_status":"open","ping_status":"open","sticky":false,"template":"","format":"standard","meta":{"footnotes":""},"categories":[5],"tags":[],"class_list":["post-53408","post","type-post","status-publish","format-standard","has-post-thumbnail","hentry","category-igreja_no_mundo"],"_links":{"self":[{"href":"https:\/\/portalcatolico.net\/portal\/wp-json\/wp\/v2\/posts\/53408","targetHints":{"allow":["GET"]}}],"collection":[{"href":"https:\/\/portalcatolico.net\/portal\/wp-json\/wp\/v2\/posts"}],"about":[{"href":"https:\/\/portalcatolico.net\/portal\/wp-json\/wp\/v2\/types\/post"}],"author":[{"embeddable":true,"href":"https:\/\/portalcatolico.net\/portal\/wp-json\/wp\/v2\/users\/2"}],"replies":[{"embeddable":true,"href":"https:\/\/portalcatolico.net\/portal\/wp-json\/wp\/v2\/comments?post=53408"}],"version-history":[{"count":1,"href":"https:\/\/portalcatolico.net\/portal\/wp-json\/wp\/v2\/posts\/53408\/revisions"}],"predecessor-version":[{"id":53410,"href":"https:\/\/portalcatolico.net\/portal\/wp-json\/wp\/v2\/posts\/53408\/revisions\/53410"}],"wp:featuredmedia":[{"embeddable":true,"href":"https:\/\/portalcatolico.net\/portal\/wp-json\/wp\/v2\/media\/53409"}],"wp:attachment":[{"href":"https:\/\/portalcatolico.net\/portal\/wp-json\/wp\/v2\/media?parent=53408"}],"wp:term":[{"taxonomy":"category","embeddable":true,"href":"https:\/\/portalcatolico.net\/portal\/wp-json\/wp\/v2\/categories?post=53408"},{"taxonomy":"post_tag","embeddable":true,"href":"https:\/\/portalcatolico.net\/portal\/wp-json\/wp\/v2\/tags?post=53408"}],"curies":[{"name":"wp","href":"https:\/\/api.w.org\/{rel}","templated":true}]}}