{"id":53401,"date":"2018-03-23T21:54:09","date_gmt":"2018-03-24T00:54:09","guid":{"rendered":"http:\/\/portalcatolico.net\/portal\/?p=53401"},"modified":"2018-03-23T21:54:09","modified_gmt":"2018-03-24T00:54:09","slug":"itabuna-sedia-seminario-abordando-tema-da-campanha-da-fraternidade-2018","status":"publish","type":"post","link":"https:\/\/portalcatolico.net\/portal\/itabuna-sedia-seminario-abordando-tema-da-campanha-da-fraternidade-2018\/","title":{"rendered":"Itabuna sedia semin\u00e1rio abordando tema da Campanha da Fraternidade 2018"},"content":{"rendered":"<p class=\"m_-8001296004961618646xmsonormal\">Nesta quinta-feira, dia 22, e hoje, sexta-feira, dia 23, o Munic\u00edpio de Itabuna sedia o semin\u00e1rio \u201cFraternidade e Supera\u00e7\u00e3o da Viol\u00eancia\u201d, que visa promover a cultura da paz, reconcilia\u00e7\u00e3o e justi\u00e7a na sociedade.<u><\/u><u><\/u><\/p>\n<p class=\"m_-8001296004961618646xmsonormal\">O evento \u00e9 promovido pelo Minist\u00e9rio P\u00fablico estadual, em parceria com a Igreja Cat\u00f3lica, Igreja Adventista, Universidade Estadual de Santa Cruz (Uesc) e Grupo Humanus.<u><\/u><u><\/u><\/p>\n<p class=\"m_-8001296004961618646xmsonormal\">\u00a0A iniciativa de realiza\u00e7\u00e3o do semin\u00e1rio surgiu durante a realiza\u00e7\u00e3o do curso de educa\u00e7\u00e3o em direitos humanos, ministrado no projeto MP Educa, que foi implantado ano passado pelas Promotorias de <img loading=\"lazy\" decoding=\"async\" class=\"size-medium wp-image-53403 alignleft\" src=\"http:\/\/portalcatolico.net\/portal\/wp-content\/uploads\/2018\/03\/5-300x200.jpg\" alt=\"Promotora Cleide Ramos\" width=\"300\" height=\"200\" srcset=\"https:\/\/portalcatolico.net\/portal\/wp-content\/uploads\/2018\/03\/5-300x200.jpg 300w, https:\/\/portalcatolico.net\/portal\/wp-content\/uploads\/2018\/03\/5-768x512.jpg 768w, https:\/\/portalcatolico.net\/portal\/wp-content\/uploads\/2018\/03\/5.jpg 1000w\" sizes=\"auto, (max-width: 300px) 100vw, 300px\" \/>Justi\u00e7a em Itabuna. Segundo a promotora de Justi\u00e7a Cleide Ramos Reis, o MP Educa pretende, a longo prazo, estimular a implanta\u00e7\u00e3o de projetos locais que contribuam para a dissemina\u00e7\u00e3o de uma cultura de paz, al\u00e9m de \u201cminimizar os \u00edndices de viol\u00eancia urbana atrav\u00e9s do empoderamento dos atores locais\u201d.<\/p>\n<p>O semin\u00e1rio foi aberto no dia 22, \u00e0s 18h30, na Faculdade de Tecnologia e Ci\u00eancias (FTC), em Itabuna, e contou com a apresenta\u00e7\u00e3o da campanha da Fraternidade, com o bispo Dom Zanoni Demettino, de Feira de Santana, e a apresenta\u00e7\u00e3o da promotora de Justi\u00e7a Cleide Ramos, da professora da Uesc, Milene Peixoto \u00c1vila, e de representantes da Igreja Adventista do 7\u00ba Dia.<u><\/u><u><\/u><\/p>\n<p class=\"m_-8001296004961618646xxgmail-msonospacing\"><em>O\u00a0\u00a0audit\u00f3rio ficou completamente lotado de leigos, seminaristas, sacerdotes, di\u00e1conos, estudantes, autoridades legislativas, policiais\u00a0\u00a0militares, advogados, professores, entre outros.<\/em><u><\/u><u><\/u><\/p>\n<p class=\"m_-8001296004961618646xxgmail-msonospacing\"><em>\u00a0<\/em>Hoje (23), foram realizadas oficinas tem\u00e1ticas sobre temas como viol\u00eancia racial e viol\u00eancia contra a juventude; viol\u00eancia de g\u00eanero (mulheres, homens e LGBT) e viol\u00eancia dom\u00e9stica; viol\u00eancia e drogas nas escolas; viol\u00eancia no campo e contra os povos tradicionais; viol\u00eancia de tr\u00e2nsito; viol\u00eancia e m\u00eddia; viol\u00eancia e religi\u00e3o; e viol\u00eancia policial e impunidade.<u><\/u><u><\/u><\/p>\n<p class=\"m_-8001296004961618646xmsonormal\">As oficinas est\u00e3o sob a coordena\u00e7\u00e3o dos integrantes da primeira turma do projeto MP Educa, que contou com a participa\u00e7\u00e3o de representantes dos Conselhos Municipais de Pol\u00edticas P\u00fablicas, Poder Legislativo, Poder Judici\u00e1rio e sociedade civil. \u201cEste semin\u00e1rio se insere no marco de uma atua\u00e7\u00e3o do MP <img loading=\"lazy\" decoding=\"async\" class=\"size-medium wp-image-53404 alignright\" src=\"http:\/\/portalcatolico.net\/portal\/wp-content\/uploads\/2018\/03\/2-300x200.jpg\" alt=\"2\" width=\"300\" height=\"200\" srcset=\"https:\/\/portalcatolico.net\/portal\/wp-content\/uploads\/2018\/03\/2-300x200.jpg 300w, https:\/\/portalcatolico.net\/portal\/wp-content\/uploads\/2018\/03\/2-768x512.jpg 768w, https:\/\/portalcatolico.net\/portal\/wp-content\/uploads\/2018\/03\/2.jpg 1000w\" sizes=\"auto, (max-width: 300px) 100vw, 300px\" \/>socialmente efetiva, consoante estabelecido na Recomenda\u00e7\u00e3o 54\/17 do Conselho Nacional do Minist\u00e9rio P\u00fablico (CNMP), para o qual a realiza\u00e7\u00e3o de parcerias e a participa\u00e7\u00e3o em redes de coopera\u00e7\u00e3o contribuem para a indu\u00e7\u00e3o de pol\u00edticas p\u00fablicas e a redu\u00e7\u00e3o da criminalidade\u201d, destacou Cleide Ramos.<u><\/u><u><\/u><\/p>\n<p class=\"m_-8001296004961618646xmsonormal\">Dom Zanoni parabenizou o Minist\u00e9rio P\u00fablico pela iniciativa, assim como o\u00a0 Minist\u00e9rio P\u00fablico parabenizou a Igreja pelo tema abordado.<u><\/u><u><\/u><\/p>\n<p class=\"m_-8001296004961618646xmsonormal\"><u><\/u>\u00a0<em>A Campanha da Fraternidade \u00e9 promovida pela Confer\u00eancia Nacional dos Bispos do Brasil (CNBB), e acontece todos os anos, desde 1961, no per\u00edodo da Quaresma. Ela tem como objetivo chamar a aten\u00e7\u00e3o da Igreja e da sociedade para uma determinada situa\u00e7\u00e3o, propondo assim, a caminhada quaresmal de jejum, esmola e ora\u00e7\u00e3o como um caminho de tomada de consci\u00eancia, convers\u00e3o e transforma\u00e7\u00e3o pessoal e comunit\u00e1ria.<\/em><u><\/u><u><\/u><\/p>\n<p class=\"m_-8001296004961618646xmsonormal\">Fotos e reportagem: Valdeni Elias<\/p>\n<p class=\"m_-8001296004961618646xmsonormal\">Edi\u00e7\u00e3o de texto: Anara Passos (Jornalista)<\/p>\n<p class=\"m_-8001296004961618646xmsonormal\"><img loading=\"lazy\" decoding=\"async\" class=\"alignnone size-medium wp-image-53405\" src=\"http:\/\/portalcatolico.net\/portal\/wp-content\/uploads\/2018\/03\/0-1-300x200.jpg\" alt=\"0\" width=\"300\" height=\"200\" srcset=\"https:\/\/portalcatolico.net\/portal\/wp-content\/uploads\/2018\/03\/0-1-300x200.jpg 300w, https:\/\/portalcatolico.net\/portal\/wp-content\/uploads\/2018\/03\/0-1-768x512.jpg 768w, https:\/\/portalcatolico.net\/portal\/wp-content\/uploads\/2018\/03\/0-1.jpg 1000w\" sizes=\"auto, (max-width: 300px) 100vw, 300px\" \/><img loading=\"lazy\" decoding=\"async\" class=\"alignnone size-medium wp-image-53406\" src=\"http:\/\/portalcatolico.net\/portal\/wp-content\/uploads\/2018\/03\/4-300x200.jpg\" alt=\"4\" width=\"300\" height=\"200\" srcset=\"https:\/\/portalcatolico.net\/portal\/wp-content\/uploads\/2018\/03\/4-300x200.jpg 300w, https:\/\/portalcatolico.net\/portal\/wp-content\/uploads\/2018\/03\/4-768x512.jpg 768w, https:\/\/portalcatolico.net\/portal\/wp-content\/uploads\/2018\/03\/4.jpg 1000w\" sizes=\"auto, (max-width: 300px) 100vw, 300px\" \/><\/p>\n<p class=\"m_-8001296004961618646xxgmail-msonospacing\"><em>\u00a0<\/em><\/p>\n","protected":false},"excerpt":{"rendered":"<p>Nesta quinta-feira, dia 22, e hoje, sexta-feira, dia 23, o Munic\u00edpio de Itabuna sedia o semin\u00e1rio \u201cFraternidade e Supera\u00e7\u00e3o da Viol\u00eancia\u201d, que visa promover a cultura da paz, reconcilia\u00e7\u00e3o e justi\u00e7a na sociedade. O evento \u00e9 promovido pelo Minist\u00e9rio P\u00fablico estadual, em parceria com a Igreja Cat\u00f3lica, Igreja Adventista, Universidade Estadual de Santa Cruz (Uesc)&nbsp;<\/p>\n<p><a class=\"btn btn-style\" href=\"https:\/\/portalcatolico.net\/portal\/itabuna-sedia-seminario-abordando-tema-da-campanha-da-fraternidade-2018\/\">Continue Reading<\/a><\/p>\n","protected":false},"author":2,"featured_media":53402,"comment_status":"open","ping_status":"open","sticky":false,"template":"","format":"standard","meta":{"footnotes":""},"categories":[68],"tags":[],"class_list":["post-53401","post","type-post","status-publish","format-standard","has-post-thumbnail","hentry","category-homilias"],"_links":{"self":[{"href":"https:\/\/portalcatolico.net\/portal\/wp-json\/wp\/v2\/posts\/53401","targetHints":{"allow":["GET"]}}],"collection":[{"href":"https:\/\/portalcatolico.net\/portal\/wp-json\/wp\/v2\/posts"}],"about":[{"href":"https:\/\/portalcatolico.net\/portal\/wp-json\/wp\/v2\/types\/post"}],"author":[{"embeddable":true,"href":"https:\/\/portalcatolico.net\/portal\/wp-json\/wp\/v2\/users\/2"}],"replies":[{"embeddable":true,"href":"https:\/\/portalcatolico.net\/portal\/wp-json\/wp\/v2\/comments?post=53401"}],"version-history":[{"count":1,"href":"https:\/\/portalcatolico.net\/portal\/wp-json\/wp\/v2\/posts\/53401\/revisions"}],"predecessor-version":[{"id":53407,"href":"https:\/\/portalcatolico.net\/portal\/wp-json\/wp\/v2\/posts\/53401\/revisions\/53407"}],"wp:featuredmedia":[{"embeddable":true,"href":"https:\/\/portalcatolico.net\/portal\/wp-json\/wp\/v2\/media\/53402"}],"wp:attachment":[{"href":"https:\/\/portalcatolico.net\/portal\/wp-json\/wp\/v2\/media?parent=53401"}],"wp:term":[{"taxonomy":"category","embeddable":true,"href":"https:\/\/portalcatolico.net\/portal\/wp-json\/wp\/v2\/categories?post=53401"},{"taxonomy":"post_tag","embeddable":true,"href":"https:\/\/portalcatolico.net\/portal\/wp-json\/wp\/v2\/tags?post=53401"}],"curies":[{"name":"wp","href":"https:\/\/api.w.org\/{rel}","templated":true}]}}