{"id":46862,"date":"2018-01-12T13:12:16","date_gmt":"2018-01-12T16:12:16","guid":{"rendered":"http:\/\/portalcatolico.net\/portal\/?p=46862"},"modified":"2018-01-12T13:12:16","modified_gmt":"2018-01-12T16:12:16","slug":"papa-ter-uma-oracao-corajosa-e-perseverante-que-nasce-da-fe","status":"publish","type":"post","link":"https:\/\/portalcatolico.net\/portal\/papa-ter-uma-oracao-corajosa-e-perseverante-que-nasce-da-fe\/","title":{"rendered":"Papa: ter uma ora\u00e7\u00e3o corajosa e perseverante que nasce da f\u00e9"},"content":{"rendered":"<p>Na missa celebrada na Casa Santa Marta, Francisco comentou a cura do leproso e do paral\u00edtico e afirmou que, como eles, devemos aprender a rezar com coragem e f\u00e9.<\/p>\n<p>Como \u00e9 a ora\u00e7\u00e3o no Evangelho daqueles que conseguem obter do Senhor aquilo que pedem? Desta pergunta, partiu a reflex\u00e3o do Papa na homilia da missa celebrada na sexta-feira (12\/01), na Casa Santa Marta.<\/p>\n<p><b>A ora\u00e7\u00e3o na f\u00e9 e a partir da f\u00e9<\/b><\/p>\n<p>O Evangelho de Marcos, tanto ontem como hoje, fala de duas curas: a do leproso e a do paral\u00edtico. Ambos rezam para obter a cura, ambos o fazem com f\u00e9: o leproso, destacou o Papa, desafia Jesus com coragem, dizendo: &#8220;Se queres, tens o poder de curar-me!&#8221;. E a resposta do Senhor \u00e9 imediata: &#8220;Eu quero&#8221;. Portanto, tudo \u00e9 poss\u00edvel para quem cr\u00ea, como ensina o Evangelho&#8221;:<\/p>\n<p><i>Sempre, quando nos aproximamos do Senhor para pedir algo, se deve partir da f\u00e9 e faz\u00ea-lo na f\u00e9: \u201cEu tenho f\u00e9 que tu podes cura-me, eu creio que tu podes fazer isto\u201d e ter a coragem de desafi\u00e1-lo, como este leproso de ontem, este homem de hoje, este paral\u00edtico de hoje. A ora\u00e7\u00e3o na f\u00e9.\u00a0<\/i><\/p>\n<p><b>N\u00e3o rezamos como papagaios<\/b><\/p>\n<p>O Evangelho nos leva portanto a interrogar-nos sobre nosso modo de rezar. N\u00e3o o fazemos como &#8220;papagaios&#8221; e \u201csem interesse&#8221; naquilo que pedimos, \u00a0mas ao contr\u00e1rio, sugere o Papa,\u00a0 suplicamos o Senhor que \u201cajude a nossa pouca f\u00e9\u201d tamb\u00e9m diante das dificuldades.<\/p>\n<p>De fato, s\u00e3o muitos os epis\u00f3dios do Evangelho em que aproximar-se do Senhor \u00e9 dif\u00edcil para quem se encontra em dificuldades e isso serve de exemplo para cada um de n\u00f3s.<\/p>\n<p>O paralitico, no Evangelho de hoje de Marcos, por exemplo, vem at\u00e9 mesmo baixado do teto para que sua maca chegue at\u00e9 o Senhor que est\u00e1 pregando entre a multid\u00e3o. \u201cA vontade leva a encontrar uma solu\u00e7\u00e3o\u201d, destacou Francisco, faz \u201cir al\u00e9m das dificuldades\u201d:<\/p>\n<p><i>Coragem para lutar e chegar ao Senhor. Coragem para ter f\u00e9, no in\u00edcio: \u201cSe tu queres, tens o poder de curar-me. Se tu quiseres, eu creio\u201d. E coragem para aproximar-me do Senhor, quando existem tantas dificuldades. Aquela coragem\u2026 Muitas vezes, \u00e9 preciso paci\u00eancia e saber esperar os tempos, mas n\u00e3o desistir, ir sempre em frente. Mas se eu com f\u00e9 me aproximo do Senhor e digo: \u201cMas se queres, podes me dar esta gra\u00e7a\u201d e depois mas&#8230; como a gra\u00e7a depois de tr\u00eas dias n\u00e3o veio, ent\u00e3o uma outra coisa&#8230;.e me esque\u00e7o. Coragem.\u00a0<\/i><\/p>\n<p><b>Se a ora\u00e7\u00e3o n\u00e3o \u00e9 corajosa, n\u00e3o \u00e9 crist\u00e3<\/b><\/p>\n<p>Santa M\u00f4nica, m\u00e3e de Agostinho, rezou e &#8220;chorou muito&#8221; pela convers\u00e3o do seu filho e conseguiu obt\u00ea-la. Ent\u00e3o, o Papa a coloca entre os tantos Santos que tiveram grande coragem em sua f\u00e9. Coragem \u201cpara desafiar o Senhor\u201d, coragem para \u201cacreditar\u201d, mesmo que n\u00e3o se obtenha logo o que se pede, porque na \u201cora\u00e7\u00e3o se joga tudo\u201d e \u201cse a ora\u00e7\u00e3o n\u00e3o \u00e9 corajosa, n\u00e3o \u00e9 crist\u00e3\u201d:<\/p>\n<p><i>A ora\u00e7\u00e3o crist\u00e3 nasce da f\u00e9 em Jesus e segue sempre com a f\u00e9, para al\u00e9m das dificuldades. Uma frase para traz\u00ea-la hoje no nosso cora\u00e7\u00e3o nos ajudar\u00e1, do nosso pai Abra\u00e3o, a quem foi prometida a heran\u00e7a, isto \u00e9, ter um filho aos 100 anos. Diz o ap\u00f3stolo Paulo: \u201cCreiam\u201d e com isto foi justificado. A f\u00e9 e \u201cse colocou em caminho\u201d: f\u00e9 e fazer de tudo para chegar \u00e0quela gra\u00e7a que estou pedindo. O Senhor nos disse: \u201cPe\u00e7am e vos ser\u00e1 dado\u201d. Tomemos tamb\u00e9m esta Palavra e tenhamos confian\u00e7a, mas sempre com f\u00e9 e acreditando. Esta \u00e9 a coragem que tem a ora\u00e7\u00e3o crist\u00e3. Se uma ora\u00e7\u00e3o n\u00e3o \u00e9 corajosa, n\u00e3o \u00e9 crist\u00e3. (Vaticannews)<\/i><\/p>\n","protected":false},"excerpt":{"rendered":"<p>Na missa celebrada na Casa Santa Marta, Francisco comentou a cura do leproso e do paral\u00edtico e afirmou que, como eles, devemos aprender a rezar com coragem e f\u00e9. Como \u00e9 a ora\u00e7\u00e3o no Evangelho daqueles que conseguem obter do Senhor aquilo que pedem? Desta pergunta, partiu a reflex\u00e3o do Papa na homilia da missa&nbsp;<\/p>\n<p><a class=\"btn btn-style\" href=\"https:\/\/portalcatolico.net\/portal\/papa-ter-uma-oracao-corajosa-e-perseverante-que-nasce-da-fe\/\">Continue Reading<\/a><\/p>\n","protected":false},"author":2,"featured_media":46863,"comment_status":"open","ping_status":"open","sticky":false,"template":"","format":"standard","meta":{"footnotes":""},"categories":[5],"tags":[],"class_list":["post-46862","post","type-post","status-publish","format-standard","has-post-thumbnail","hentry","category-igreja_no_mundo"],"_links":{"self":[{"href":"https:\/\/portalcatolico.net\/portal\/wp-json\/wp\/v2\/posts\/46862","targetHints":{"allow":["GET"]}}],"collection":[{"href":"https:\/\/portalcatolico.net\/portal\/wp-json\/wp\/v2\/posts"}],"about":[{"href":"https:\/\/portalcatolico.net\/portal\/wp-json\/wp\/v2\/types\/post"}],"author":[{"embeddable":true,"href":"https:\/\/portalcatolico.net\/portal\/wp-json\/wp\/v2\/users\/2"}],"replies":[{"embeddable":true,"href":"https:\/\/portalcatolico.net\/portal\/wp-json\/wp\/v2\/comments?post=46862"}],"version-history":[{"count":1,"href":"https:\/\/portalcatolico.net\/portal\/wp-json\/wp\/v2\/posts\/46862\/revisions"}],"predecessor-version":[{"id":46864,"href":"https:\/\/portalcatolico.net\/portal\/wp-json\/wp\/v2\/posts\/46862\/revisions\/46864"}],"wp:featuredmedia":[{"embeddable":true,"href":"https:\/\/portalcatolico.net\/portal\/wp-json\/wp\/v2\/media\/46863"}],"wp:attachment":[{"href":"https:\/\/portalcatolico.net\/portal\/wp-json\/wp\/v2\/media?parent=46862"}],"wp:term":[{"taxonomy":"category","embeddable":true,"href":"https:\/\/portalcatolico.net\/portal\/wp-json\/wp\/v2\/categories?post=46862"},{"taxonomy":"post_tag","embeddable":true,"href":"https:\/\/portalcatolico.net\/portal\/wp-json\/wp\/v2\/tags?post=46862"}],"curies":[{"name":"wp","href":"https:\/\/api.w.org\/{rel}","templated":true}]}}