{"id":46854,"date":"2018-01-12T12:55:18","date_gmt":"2018-01-12T15:55:18","guid":{"rendered":"http:\/\/portalcatolico.net\/portal\/?p=46854"},"modified":"2018-01-12T13:02:17","modified_gmt":"2018-01-12T16:02:17","slug":"novenario-em-honra-a-sao-sebastiao-2018-1a-noite","status":"publish","type":"post","link":"https:\/\/portalcatolico.net\/portal\/novenario-em-honra-a-sao-sebastiao-2018-1a-noite\/","title":{"rendered":"1\u00aa NOITE DO NOVEN\u00c1RIO EM HONRA A S\u00c3O SEBASTI\u00c3O EM CAMACAN"},"content":{"rendered":"<p>Ontem (11\/01) demos inicio a novena em honra ao nosso Santo Padroeiro, S\u00e3o Sebasti\u00e3o. O tema que meditamos esta noite\u00a0<span class=\"text_exposed_show\">foi &#8220;O encontro pessoal com Jesus faz nascer a f\u00e9 no cora\u00e7\u00e3o do Disc\u00edpulo&#8221;. Meditado com o Padre Nilton de Almadina &#8211; Diocese de Ilh\u00e9us.<br \/>\nEm sua homilia ressaltou sobre beber da fonte, e ir anunciar e buscar outras pessoas beber da fonte de \u00e1gua viva, ser manancial de \u00e1gua viva no meio da comunidade.<br \/>\nNoite que foi dedicada a todas as pastorais e movimentos de nossa Par\u00f3quia.<\/span><\/p>\n<p>Por Par\u00f3quia S\u00e3o Sebasti\u00e3o de Camacan<\/p>\n<h3><a href=\"https:\/\/www.facebook.com\/Par%C3%B3quia-S%C3%A3o-Sebasti%C3%A3o-Camac%C3%A3-BA-787685418034913\/\"><span style=\"color: #3366ff;\">Confira as fotos clicando\u00a0 AQUI<\/span><\/a><\/h3>\n","protected":false},"excerpt":{"rendered":"<p>Ontem (11\/01) demos inicio a novena em honra ao nosso Santo Padroeiro, S\u00e3o Sebasti\u00e3o. O tema que meditamos esta noite\u00a0foi &#8220;O encontro pessoal com Jesus faz nascer a f\u00e9 no cora\u00e7\u00e3o do Disc\u00edpulo&#8221;. Meditado com o Padre Nilton de Almadina &#8211; Diocese de Ilh\u00e9us. Em sua homilia ressaltou sobre beber da fonte, e ir anunciar&nbsp;<\/p>\n<p><a class=\"btn btn-style\" href=\"https:\/\/portalcatolico.net\/portal\/novenario-em-honra-a-sao-sebastiao-2018-1a-noite\/\">Continue Reading<\/a><\/p>\n","protected":false},"author":2,"featured_media":46856,"comment_status":"open","ping_status":"open","sticky":false,"template":"","format":"standard","meta":{"footnotes":""},"categories":[4],"tags":[],"class_list":["post-46854","post","type-post","status-publish","format-standard","has-post-thumbnail","hentry","category-destaques"],"_links":{"self":[{"href":"https:\/\/portalcatolico.net\/portal\/wp-json\/wp\/v2\/posts\/46854","targetHints":{"allow":["GET"]}}],"collection":[{"href":"https:\/\/portalcatolico.net\/portal\/wp-json\/wp\/v2\/posts"}],"about":[{"href":"https:\/\/portalcatolico.net\/portal\/wp-json\/wp\/v2\/types\/post"}],"author":[{"embeddable":true,"href":"https:\/\/portalcatolico.net\/portal\/wp-json\/wp\/v2\/users\/2"}],"replies":[{"embeddable":true,"href":"https:\/\/portalcatolico.net\/portal\/wp-json\/wp\/v2\/comments?post=46854"}],"version-history":[{"count":5,"href":"https:\/\/portalcatolico.net\/portal\/wp-json\/wp\/v2\/posts\/46854\/revisions"}],"predecessor-version":[{"id":46861,"href":"https:\/\/portalcatolico.net\/portal\/wp-json\/wp\/v2\/posts\/46854\/revisions\/46861"}],"wp:featuredmedia":[{"embeddable":true,"href":"https:\/\/portalcatolico.net\/portal\/wp-json\/wp\/v2\/media\/46856"}],"wp:attachment":[{"href":"https:\/\/portalcatolico.net\/portal\/wp-json\/wp\/v2\/media?parent=46854"}],"wp:term":[{"taxonomy":"category","embeddable":true,"href":"https:\/\/portalcatolico.net\/portal\/wp-json\/wp\/v2\/categories?post=46854"},{"taxonomy":"post_tag","embeddable":true,"href":"https:\/\/portalcatolico.net\/portal\/wp-json\/wp\/v2\/tags?post=46854"}],"curies":[{"name":"wp","href":"https:\/\/api.w.org\/{rel}","templated":true}]}}