{"id":46840,"date":"2018-01-11T20:58:22","date_gmt":"2018-01-11T23:58:22","guid":{"rendered":"http:\/\/portalcatolico.net\/portal\/?p=46840"},"modified":"2018-01-11T20:58:22","modified_gmt":"2018-01-11T23:58:22","slug":"ilheus-comemora-festa-do-padroeiro-da-catedral-de-sao-sebastiao","status":"publish","type":"post","link":"https:\/\/portalcatolico.net\/portal\/ilheus-comemora-festa-do-padroeiro-da-catedral-de-sao-sebastiao\/","title":{"rendered":"Ilh\u00e9us comemora festa do padroeiro da Catedral de S\u00e3o Sebasti\u00e3o"},"content":{"rendered":"<p><em>\u00a0No dia 20 de janeiro, os cat\u00f3licos do mundo inteiro homenageiam S\u00e3o Sebasti\u00e3o. Em Ilh\u00e9us, no sul da Bahia, n\u00e3o podia ser diferente. Acontece missa todas as noites, e durante a programa\u00e7\u00e3o da festa, tem tamb\u00e9m prociss\u00e3o, m\u00fasicas, momentos de reflex\u00f5es, entre outros momentos de evangeliza\u00e7\u00e3o. O santo m\u00e1rtir tem uma longa admira\u00e7\u00e3o da popula\u00e7\u00e3o ilheense, tendo sido eleito o padroeiro dos estivadores e da cidade, juntamente com S\u00e3o Jorge e Nossa Senhora da Vit\u00f3ria. Lembrando que os hor\u00e1rios das missas de 11 a 19 de janeiro, ser\u00e1 sempre, \u00e0s 19h.<\/em><\/p>\n<p><em>A festa em homenagem a S\u00e3o Sebasti\u00e3o iniciou \u00a0dia 11\/01 e vai at\u00e9 o dia 20\/01. A programa\u00e7\u00e3o especial para o dia 20, conta com missa solene \u00e0s 9h da manh\u00e3 com o Bispo diocesano Dom Mauro Montagnoli e prociss\u00e3o \u00e0s 17 horas, pelas ruas do centro da cidade. E \u00e0s 19h,Celebra\u00e7\u00e3o Eucar\u00edstica. A prociss\u00e3o vai passar por essas localidades: Velhos Marinheiros, Praia do Cristo, Avenida 2 de julho,<img loading=\"lazy\" decoding=\"async\" class=\" wp-image-46842 alignright\" src=\"http:\/\/portalcatolico.net\/portal\/wp-content\/uploads\/2018\/01\/870_web.jpg.694x694_default-300x300.jpg\" alt=\"870_web.jpg.694x694_default\" width=\"206\" height=\"206\" srcset=\"https:\/\/portalcatolico.net\/portal\/wp-content\/uploads\/2018\/01\/870_web.jpg.694x694_default-300x300.jpg 300w, https:\/\/portalcatolico.net\/portal\/wp-content\/uploads\/2018\/01\/870_web.jpg.694x694_default-150x150.jpg 150w, https:\/\/portalcatolico.net\/portal\/wp-content\/uploads\/2018\/01\/870_web.jpg.694x694_default.jpg 694w\" sizes=\"auto, (max-width: 206px) 100vw, 206px\" \/> Almirante Aur\u00e9lio Linhares, Pra\u00e7a Cair\u00fa e Rua Tiradentes.<\/em><\/p>\n<p><em>\u00a0Vale lembrar que este ano, a Confer\u00eancia Nacional dos Bispos do Brasil (CNBB), celebra o Ano Nacional do Laicato (26\/11\/17 a 25\/11\/18). Este evento deseja dinamizar o estudo e a pr\u00e1tica do Doc. 105 e demais documentos do Magist\u00e9rio, em especial do Papa Francisco sobre o Laicato. O eixo central \u00e9 a presen\u00e7a e a atua\u00e7\u00e3o dos crist\u00e3os leigos e leigas como Sal, Luz e Fermento na Igreja e na Sociedade, visto que o tema \u00e9: \u201cCrist\u00e3os leigos e leigas, sujeitos na \u2018Igreja em sa\u00edda\u2019, a servi\u00e7o do Reino\u201d.<\/em><\/p>\n<p><em>Sendo assim, as nove noites de prepara\u00e7\u00e3o \u00e0 festa de S\u00e3o Sebasti\u00e3o, Padroeiro desta Catedral, ser\u00e1 marcada pelo seu Noven\u00e1rio. <\/em><\/p>\n<p><em>Participe!<\/em><\/p>\n<p><em>Edi\u00e7\u00e3o de texto: Anara Passos (Comunic\u00f3loga- DRT 7574).<\/em><\/p>\n","protected":false},"excerpt":{"rendered":"<p>\u00a0No dia 20 de janeiro, os cat\u00f3licos do mundo inteiro homenageiam S\u00e3o Sebasti\u00e3o. Em Ilh\u00e9us, no sul da Bahia, n\u00e3o podia ser diferente. Acontece missa todas as noites, e durante a programa\u00e7\u00e3o da festa, tem tamb\u00e9m prociss\u00e3o, m\u00fasicas, momentos de reflex\u00f5es, entre outros momentos de evangeliza\u00e7\u00e3o. O santo m\u00e1rtir tem uma longa admira\u00e7\u00e3o da popula\u00e7\u00e3o&nbsp;<\/p>\n<p><a class=\"btn btn-style\" href=\"https:\/\/portalcatolico.net\/portal\/ilheus-comemora-festa-do-padroeiro-da-catedral-de-sao-sebastiao\/\">Continue Reading<\/a><\/p>\n","protected":false},"author":2,"featured_media":46841,"comment_status":"open","ping_status":"open","sticky":false,"template":"","format":"standard","meta":{"footnotes":""},"categories":[1],"tags":[],"class_list":["post-46840","post","type-post","status-publish","format-standard","has-post-thumbnail","hentry","category-agenda"],"_links":{"self":[{"href":"https:\/\/portalcatolico.net\/portal\/wp-json\/wp\/v2\/posts\/46840","targetHints":{"allow":["GET"]}}],"collection":[{"href":"https:\/\/portalcatolico.net\/portal\/wp-json\/wp\/v2\/posts"}],"about":[{"href":"https:\/\/portalcatolico.net\/portal\/wp-json\/wp\/v2\/types\/post"}],"author":[{"embeddable":true,"href":"https:\/\/portalcatolico.net\/portal\/wp-json\/wp\/v2\/users\/2"}],"replies":[{"embeddable":true,"href":"https:\/\/portalcatolico.net\/portal\/wp-json\/wp\/v2\/comments?post=46840"}],"version-history":[{"count":1,"href":"https:\/\/portalcatolico.net\/portal\/wp-json\/wp\/v2\/posts\/46840\/revisions"}],"predecessor-version":[{"id":46843,"href":"https:\/\/portalcatolico.net\/portal\/wp-json\/wp\/v2\/posts\/46840\/revisions\/46843"}],"wp:featuredmedia":[{"embeddable":true,"href":"https:\/\/portalcatolico.net\/portal\/wp-json\/wp\/v2\/media\/46841"}],"wp:attachment":[{"href":"https:\/\/portalcatolico.net\/portal\/wp-json\/wp\/v2\/media?parent=46840"}],"wp:term":[{"taxonomy":"category","embeddable":true,"href":"https:\/\/portalcatolico.net\/portal\/wp-json\/wp\/v2\/categories?post=46840"},{"taxonomy":"post_tag","embeddable":true,"href":"https:\/\/portalcatolico.net\/portal\/wp-json\/wp\/v2\/tags?post=46840"}],"curies":[{"name":"wp","href":"https:\/\/api.w.org\/{rel}","templated":true}]}}