{"id":46837,"date":"2018-01-11T18:52:31","date_gmt":"2018-01-11T21:52:31","guid":{"rendered":"http:\/\/portalcatolico.net\/portal\/?p=46837"},"modified":"2018-01-11T18:52:31","modified_gmt":"2018-01-11T21:52:31","slug":"rcc-bahia-realiza-primeiro-jesus-no-litoral-estadual","status":"publish","type":"post","link":"https:\/\/portalcatolico.net\/portal\/rcc-bahia-realiza-primeiro-jesus-no-litoral-estadual\/","title":{"rendered":"RCC Bahia realiza primeiro Jesus no Litoral Estadual"},"content":{"rendered":"<p>A Renova\u00e7\u00e3o Carism\u00e1tica Cat\u00f3lica (RCC) da Bahia, atrav\u00e9s do Minist\u00e9rio Jovem (MJ), realiza entre os dias 09 e 14 de janeiro, o projeto Jesus no Litoral. A a\u00e7\u00e3o evangelizadora convoca a juventude carism\u00e1tica do Estado para avan\u00e7ar a outra margem e exercer o seu papel de mission\u00e1rio para levar ao litoral sul baiano momentos de experi\u00eancia com o Senhor atrav\u00e9s da evangeliza\u00e7\u00e3o, ora\u00e7\u00e3o, adora\u00e7\u00e3o e tamb\u00e9m anima\u00e7\u00e3o. Pela primeira vez a miss\u00e3o Jesus no litoral \u00e9 promovida pela coordena\u00e7\u00e3o estadual do MJ, que tem como foco de miss\u00e3o a Praia de Coroa Vermelha, em Santa Cruz Cabr\u00e1lia, e contar\u00e1 com a participa\u00e7\u00e3o de 150 mission\u00e1rios.<\/p>\n<p>O projeto Jesus no Litoral tem como objetivo levar uma proposta de melhoria de vida, a partir de uma evangeliza\u00e7\u00e3o apresentada de forma criativa pelos Jovens. Os mission\u00e1rios visitar\u00e3o asilos, hospitais e pres\u00eddios. Al\u00e9m de irem ao encontro de turistas e moradores locais para anunciar o Evangelho e oferecer atividades gratuitas que promovam atitudes saud\u00e1veis como: esportes, aer\u00f3bica com Cristo, massagens e aferi\u00e7\u00e3o de press\u00e3o arterial.<\/p>\n<p>De acordo com coordenador estadual do MJ Bahia, Glauber Fa\u00e7anha, a expectativa \u00e9 que toda a juventude carism\u00e1tica da Bahia esteja representada nas suas 23 Dioceses na 1\u00aa Edi\u00e7\u00e3o Estadual do Jesus do Litoral (JNL),Ele pede que os jovens venham com vontade de fazer miss\u00e3o. \u201cDe serem moldados por Jesus Cristo e viverem uma experi\u00eancia extraordin\u00e1ria em suas vidas, durante essa semana de miss\u00e3o, ecoando nas Dioceses essa experi\u00eancia mission\u00e1ria vivida no JNL\u201d.<\/p>\n<p>A Praia de Coroa vermelha de Santa Cruz Cabr\u00e1lia, foi escolhida a partir de uma sele\u00e7\u00e3o, logo foi confirmada em ora\u00e7\u00e3o e tamb\u00e9m por ter sido o local da 1\u00aa Missa celebrada no Brasil. Glauber espera que seja apenas o in\u00edcio de um grande evento a ser realizado anualmente pela juventude carism\u00e1tica da Bahia.<\/p>\n<p>Sobre o Jesus no Litoral na Bahia<\/p>\n<p>A Diocese de Cama\u00e7ari pode falar bem sobre o que \u00e9 o projeto Jesus no Litoral. Sediou quatro edi\u00e7\u00f5es regionais da miss\u00e3o evangelizadora da RCC, nos anos de 2012, 2013, 2014 e 2015. Nesse per\u00edodo, foram mais de 600 casas visitadas e um total de 450 mission\u00e1rios acolhidos no local.<\/p>\n<p>\u201cA experi\u00eancia do Jesus no litoral em nossa diocese \u00e9 impactante, cora\u00e7\u00e3o bate forte em lembrar-me de tantas experi\u00eancias, nas casas, ruas e praias\u201d, lembra o coordenador diocesano do MJ em Cama\u00e7ari, Wagner Amaral. Para o mission\u00e1rio, cada ponto de miss\u00e3o foi uma experi\u00eancia nova renovando o ardor mission\u00e1rio.<\/p>\n<p>Ele conta que no rosto de cada pessoa evangelizada podia notar um ar de surpresa e alegria de receber a palavra de jovens Cat\u00f3licos. Uma das frases mais ouvida por ele foi: \u201cvoc\u00eas s\u00e3o da Igreja Cat\u00f3lica?! Que lindo\u201d. \u201cAs fam\u00edlias nas praias faziam sinal para que os mission\u00e1rios pudessem se aproximar e falar sobre o Querigma\u201d. Wagner conta que a evangeliza\u00e7\u00e3o acontecia nas barracas, mesas, areia, cal\u00e7ad\u00e3o e na \u00e1gua, ou seja, em todos os lugares.<\/p>\n<p>Os jovens mission\u00e1rios retornavam para casa com um ardor totalmente renovado com uma experi\u00eancia mission\u00e1ria que jamais ser\u00e1 esquecida, a viv\u00eancia fraterna era um dos grandes momentos da miss\u00e3o, jovens de v\u00e1rias dioceses da Bahia convivendo cinco dias juntos, aprendendo e se conhecendo. Fonte:RCCBAHIA<\/p>\n","protected":false},"excerpt":{"rendered":"<p>A Renova\u00e7\u00e3o Carism\u00e1tica Cat\u00f3lica (RCC) da Bahia, atrav\u00e9s do Minist\u00e9rio Jovem (MJ), realiza entre os dias 09 e 14 de janeiro, o projeto Jesus no Litoral. A a\u00e7\u00e3o evangelizadora convoca a juventude carism\u00e1tica do Estado para avan\u00e7ar a outra margem e exercer o seu papel de mission\u00e1rio para levar ao litoral sul baiano momentos de&nbsp;<\/p>\n<p><a class=\"btn btn-style\" href=\"https:\/\/portalcatolico.net\/portal\/rcc-bahia-realiza-primeiro-jesus-no-litoral-estadual\/\">Continue Reading<\/a><\/p>\n","protected":false},"author":2,"featured_media":46838,"comment_status":"open","ping_status":"open","sticky":false,"template":"","format":"standard","meta":{"footnotes":""},"categories":[3],"tags":[],"class_list":["post-46837","post","type-post","status-publish","format-standard","has-post-thumbnail","hentry","category-noticias_regionais"],"_links":{"self":[{"href":"https:\/\/portalcatolico.net\/portal\/wp-json\/wp\/v2\/posts\/46837","targetHints":{"allow":["GET"]}}],"collection":[{"href":"https:\/\/portalcatolico.net\/portal\/wp-json\/wp\/v2\/posts"}],"about":[{"href":"https:\/\/portalcatolico.net\/portal\/wp-json\/wp\/v2\/types\/post"}],"author":[{"embeddable":true,"href":"https:\/\/portalcatolico.net\/portal\/wp-json\/wp\/v2\/users\/2"}],"replies":[{"embeddable":true,"href":"https:\/\/portalcatolico.net\/portal\/wp-json\/wp\/v2\/comments?post=46837"}],"version-history":[{"count":1,"href":"https:\/\/portalcatolico.net\/portal\/wp-json\/wp\/v2\/posts\/46837\/revisions"}],"predecessor-version":[{"id":46839,"href":"https:\/\/portalcatolico.net\/portal\/wp-json\/wp\/v2\/posts\/46837\/revisions\/46839"}],"wp:featuredmedia":[{"embeddable":true,"href":"https:\/\/portalcatolico.net\/portal\/wp-json\/wp\/v2\/media\/46838"}],"wp:attachment":[{"href":"https:\/\/portalcatolico.net\/portal\/wp-json\/wp\/v2\/media?parent=46837"}],"wp:term":[{"taxonomy":"category","embeddable":true,"href":"https:\/\/portalcatolico.net\/portal\/wp-json\/wp\/v2\/categories?post=46837"},{"taxonomy":"post_tag","embeddable":true,"href":"https:\/\/portalcatolico.net\/portal\/wp-json\/wp\/v2\/tags?post=46837"}],"curies":[{"name":"wp","href":"https:\/\/api.w.org\/{rel}","templated":true}]}}