{"id":46831,"date":"2018-01-11T18:03:16","date_gmt":"2018-01-11T21:03:16","guid":{"rendered":"http:\/\/portalcatolico.net\/portal\/?p=46831"},"modified":"2018-01-12T18:16:51","modified_gmt":"2018-01-12T21:16:51","slug":"nota-de-falecimento-diacono-paulo-roberto-cardoso","status":"publish","type":"post","link":"https:\/\/portalcatolico.net\/portal\/nota-de-falecimento-diacono-paulo-roberto-cardoso\/","title":{"rendered":"Nota de falecimento \u2013 Di\u00e1cono Paulo Roberto Cardoso"},"content":{"rendered":"<div dir=\"auto\">\n<p>\u00c9 com muito pesar que a Diocese de Ilh\u00e9us no sul da Bahia, comunica o falecimento do Di\u00e1cono permanente Paulo Roberto Cardoso. O falecimento aconteceu nesta quinta-feira, 11 de janeiro de 2018, \u00e0s 15h. Ele estava internado na UTI, no Hospital Calixto Midlej\u00a0Filho em Itabuna (BA).<\/p>\n<\/div>\n<div dir=\"auto\">\n<p>O di\u00e1cono Paulo tomou uma queda no \u00faltimo final de semana e foi diagnosticado com traumatismo craniano.<\/p>\n<\/div>\n<div dir=\"auto\">\n<p>O corpo do di\u00e1cono Paulo Roberto Cardozo, ser\u00e1 levado para o SAF de Itabuna,(em frete ao Grapi\u00fana) amanh\u00e3 (12), logo ap\u00f3s a libera\u00e7\u00e3o,a partir das 12h.\u00a0\u00a0<i>A Missa de corpo presente ser\u00e1 \u00e0s 8h do s\u00e1bado (13), na Par\u00f3quia Santa Maria Madalena (Bairro Nova Itabuna) e em seguida, acontecer\u00e1 o sepultamento no Cemit\u00e9rio Campo Santo.<\/i><\/p>\n<\/div>\n<div dir=\"auto\">Dediquemos nossas ora\u00e7\u00f5es pela alma do Di\u00e1cono Paulo Roberto Cardozo e por todos seus familiares.<\/div>\n<div dir=\"auto\"><img loading=\"lazy\" decoding=\"async\" class=\"alignnone size-medium wp-image-46849\" src=\"http:\/\/portalcatolico.net\/portal\/wp-content\/uploads\/2018\/01\/IMG_0927-300x200.jpg\" alt=\"IMG_0927\" width=\"300\" height=\"200\" srcset=\"https:\/\/portalcatolico.net\/portal\/wp-content\/uploads\/2018\/01\/IMG_0927-300x200.jpg 300w, https:\/\/portalcatolico.net\/portal\/wp-content\/uploads\/2018\/01\/IMG_0927.jpg 600w\" sizes=\"auto, (max-width: 300px) 100vw, 300px\" \/><\/div>\n","protected":false},"excerpt":{"rendered":"<p>\u00c9 com muito pesar que a Diocese de Ilh\u00e9us no sul da Bahia, comunica o falecimento do Di\u00e1cono permanente Paulo Roberto Cardoso. O falecimento aconteceu nesta quinta-feira, 11 de janeiro de 2018, \u00e0s 15h. Ele estava internado na UTI, no Hospital Calixto Midlej\u00a0Filho em Itabuna (BA). O di\u00e1cono Paulo tomou uma queda no \u00faltimo final&nbsp;<\/p>\n<p><a class=\"btn btn-style\" href=\"https:\/\/portalcatolico.net\/portal\/nota-de-falecimento-diacono-paulo-roberto-cardoso\/\">Continue Reading<\/a><\/p>\n","protected":false},"author":2,"featured_media":46832,"comment_status":"open","ping_status":"open","sticky":false,"template":"","format":"standard","meta":{"footnotes":""},"categories":[4],"tags":[],"class_list":["post-46831","post","type-post","status-publish","format-standard","has-post-thumbnail","hentry","category-destaques"],"_links":{"self":[{"href":"https:\/\/portalcatolico.net\/portal\/wp-json\/wp\/v2\/posts\/46831","targetHints":{"allow":["GET"]}}],"collection":[{"href":"https:\/\/portalcatolico.net\/portal\/wp-json\/wp\/v2\/posts"}],"about":[{"href":"https:\/\/portalcatolico.net\/portal\/wp-json\/wp\/v2\/types\/post"}],"author":[{"embeddable":true,"href":"https:\/\/portalcatolico.net\/portal\/wp-json\/wp\/v2\/users\/2"}],"replies":[{"embeddable":true,"href":"https:\/\/portalcatolico.net\/portal\/wp-json\/wp\/v2\/comments?post=46831"}],"version-history":[{"count":9,"href":"https:\/\/portalcatolico.net\/portal\/wp-json\/wp\/v2\/posts\/46831\/revisions"}],"predecessor-version":[{"id":46866,"href":"https:\/\/portalcatolico.net\/portal\/wp-json\/wp\/v2\/posts\/46831\/revisions\/46866"}],"wp:featuredmedia":[{"embeddable":true,"href":"https:\/\/portalcatolico.net\/portal\/wp-json\/wp\/v2\/media\/46832"}],"wp:attachment":[{"href":"https:\/\/portalcatolico.net\/portal\/wp-json\/wp\/v2\/media?parent=46831"}],"wp:term":[{"taxonomy":"category","embeddable":true,"href":"https:\/\/portalcatolico.net\/portal\/wp-json\/wp\/v2\/categories?post=46831"},{"taxonomy":"post_tag","embeddable":true,"href":"https:\/\/portalcatolico.net\/portal\/wp-json\/wp\/v2\/tags?post=46831"}],"curies":[{"name":"wp","href":"https:\/\/api.w.org\/{rel}","templated":true}]}}