{"id":46827,"date":"2018-01-10T20:16:28","date_gmt":"2018-01-10T23:16:28","guid":{"rendered":"http:\/\/portalcatolico.net\/portal\/?p=46827"},"modified":"2018-01-10T20:16:28","modified_gmt":"2018-01-10T23:16:28","slug":"paroquia-nossa-senhora-de-lourdes-celebra-jubileu-de-ouro-e-festa-da-padroeira-em-coaraci","status":"publish","type":"post","link":"https:\/\/portalcatolico.net\/portal\/paroquia-nossa-senhora-de-lourdes-celebra-jubileu-de-ouro-e-festa-da-padroeira-em-coaraci\/","title":{"rendered":"Par\u00f3quia Nossa Senhora de Lourdes celebra Jubileu de Ouro e Festa da Padroeira em Coaraci"},"content":{"rendered":"<p><em>A Pastoral da Comunica\u00e7\u00e3o (PASCOM) e a Par\u00f3quia Nossa Senhora de Lourdes publicaram nesta ter\u00e7a-feira (09), a programa\u00e7\u00e3o da \u00a0Festa de Nossa Senhora de Lourdes, padroeira de Coaraci (BA), que se inicia dia 02 e segue at\u00e9 \u00a011 de fevereiro.<\/em><\/p>\n<p><em>Coaraci situa-se no sul da Bahia e comp\u00f5e a Diocese de Ilh\u00e9us.<\/em><\/p>\n<p><em>O tema da festa deste ano ser\u00e1: \u201cCrist\u00e3o leigos e leigas ,sujeitos na Igreja em sa\u00edda, \u00e0 servi\u00e7o do reino\u201d.<\/em><\/p>\n<p><em>Os \u00a050 anos de funda\u00e7\u00e3o e os preparativos para celebrar o Jubileu de Ouro t\u00eam in\u00edcio dia 02 de fevereiro, na noite de abertura da Festa de Nossa Senhora de Lourdes, com um grande show da Irm\u00e3 Ana Paula, um dos maiores nomes da m\u00fasica Cat\u00f3lica da atualidade.\u00a0O show ser\u00e1 em frente a igreja matriz.<\/em><\/p>\n<p><em>Confira a programa\u00e7\u00e3o no cartaz a\u00a0seguir!<\/em><\/p>\n<p><em>\u00a0<\/em><em>Edi\u00e7\u00e3o de texto: Anara Passos (Comunic\u00f3loga-DRT 7574)<\/em><\/p>\n<p><img loading=\"lazy\" decoding=\"async\" class=\" wp-image-46829 aligncenter\" src=\"http:\/\/portalcatolico.net\/portal\/wp-content\/uploads\/2018\/01\/26219507_819667554881962_6867396531620249400_n-212x300.jpg\" alt=\"26219507_819667554881962_6867396531620249400_n\" width=\"545\" height=\"771\" srcset=\"https:\/\/portalcatolico.net\/portal\/wp-content\/uploads\/2018\/01\/26219507_819667554881962_6867396531620249400_n-212x300.jpg 212w, https:\/\/portalcatolico.net\/portal\/wp-content\/uploads\/2018\/01\/26219507_819667554881962_6867396531620249400_n.jpg 678w\" sizes=\"auto, (max-width: 545px) 100vw, 545px\" \/><\/p>\n","protected":false},"excerpt":{"rendered":"<p>A Pastoral da Comunica\u00e7\u00e3o (PASCOM) e a Par\u00f3quia Nossa Senhora de Lourdes publicaram nesta ter\u00e7a-feira (09), a programa\u00e7\u00e3o da \u00a0Festa de Nossa Senhora de Lourdes, padroeira de Coaraci (BA), que se inicia dia 02 e segue at\u00e9 \u00a011 de fevereiro. Coaraci situa-se no sul da Bahia e comp\u00f5e a Diocese de Ilh\u00e9us. O tema da&nbsp;<\/p>\n<p><a class=\"btn btn-style\" href=\"https:\/\/portalcatolico.net\/portal\/paroquia-nossa-senhora-de-lourdes-celebra-jubileu-de-ouro-e-festa-da-padroeira-em-coaraci\/\">Continue Reading<\/a><\/p>\n","protected":false},"author":2,"featured_media":46828,"comment_status":"open","ping_status":"open","sticky":false,"template":"","format":"standard","meta":{"footnotes":""},"categories":[1],"tags":[],"class_list":["post-46827","post","type-post","status-publish","format-standard","has-post-thumbnail","hentry","category-agenda"],"_links":{"self":[{"href":"https:\/\/portalcatolico.net\/portal\/wp-json\/wp\/v2\/posts\/46827","targetHints":{"allow":["GET"]}}],"collection":[{"href":"https:\/\/portalcatolico.net\/portal\/wp-json\/wp\/v2\/posts"}],"about":[{"href":"https:\/\/portalcatolico.net\/portal\/wp-json\/wp\/v2\/types\/post"}],"author":[{"embeddable":true,"href":"https:\/\/portalcatolico.net\/portal\/wp-json\/wp\/v2\/users\/2"}],"replies":[{"embeddable":true,"href":"https:\/\/portalcatolico.net\/portal\/wp-json\/wp\/v2\/comments?post=46827"}],"version-history":[{"count":1,"href":"https:\/\/portalcatolico.net\/portal\/wp-json\/wp\/v2\/posts\/46827\/revisions"}],"predecessor-version":[{"id":46830,"href":"https:\/\/portalcatolico.net\/portal\/wp-json\/wp\/v2\/posts\/46827\/revisions\/46830"}],"wp:featuredmedia":[{"embeddable":true,"href":"https:\/\/portalcatolico.net\/portal\/wp-json\/wp\/v2\/media\/46828"}],"wp:attachment":[{"href":"https:\/\/portalcatolico.net\/portal\/wp-json\/wp\/v2\/media?parent=46827"}],"wp:term":[{"taxonomy":"category","embeddable":true,"href":"https:\/\/portalcatolico.net\/portal\/wp-json\/wp\/v2\/categories?post=46827"},{"taxonomy":"post_tag","embeddable":true,"href":"https:\/\/portalcatolico.net\/portal\/wp-json\/wp\/v2\/tags?post=46827"}],"curies":[{"name":"wp","href":"https:\/\/api.w.org\/{rel}","templated":true}]}}