{"id":46821,"date":"2018-01-10T20:08:16","date_gmt":"2018-01-10T23:08:16","guid":{"rendered":"http:\/\/portalcatolico.net\/portal\/?p=46821"},"modified":"2018-01-10T20:11:54","modified_gmt":"2018-01-10T23:11:54","slug":"diocese-de-ilheus-celebra-sao-sebastiao-confira-a-programacao","status":"publish","type":"post","link":"https:\/\/portalcatolico.net\/portal\/diocese-de-ilheus-celebra-sao-sebastiao-confira-a-programacao\/","title":{"rendered":"Diocese de Ilh\u00e9us celebra S\u00e3o Sebasti\u00e3o. Confira a programa\u00e7\u00e3o!"},"content":{"rendered":"<p><em>As homenagens a S\u00e3o Sebasti\u00e3o, padroeiro de Barra do Rocha, que comp\u00f5e a Diocese de Ilh\u00e9us, no sul da Bahia, t\u00eam in\u00edcio nesta quinta-feira (11) e seguir\u00e3o at\u00e9 o dia 20 de janeiro de 2018.<\/em><\/p>\n<p><em>O tema central da festa \u00e9: Crist\u00e3os leigos e leigas, sujeitos na \u201cIgreja em sa\u00edda\u201d, a servi\u00e7o do Reino.\u00a0( sal da terra e luz do mundo Mt. 5. 13-14: \u201cSal da terra e luz do mundo\u201d). Vale ressaltar que as missas acontecer\u00e3o todas as noites sempre \u00e0s 19h.\u00a0E como de costume, a festa religiosa ter\u00e1 \u00a0quermesse com barracas de comidas t\u00edpicas e\u00a0 shows de\u00a0 atra\u00e7\u00f5es musicais.<\/em><\/p>\n<p><em>O dia \u00a0festivo (20), come\u00e7ar\u00e1 \u00e0s 5h com a alvorada, \u00e0s 9h30 com a Missa Solene \u00a0e \u00e0s 17h, com a tradicional prociss\u00e3o pelas principais ruas da cidade, encerrando com a b\u00ean\u00e7\u00e3o do Sant\u00edssimo Sacramento.<\/em><\/p>\n<p><em>Participe!<\/em><\/p>\n<p><em>Edi\u00e7\u00e3o de texto: Anara Passos (Comunic\u00f3loga- DRT 7574)<\/em><\/p>\n<p><img loading=\"lazy\" decoding=\"async\" class=\"wp-image-46825 aligncenter\" src=\"http:\/\/portalcatolico.net\/portal\/wp-content\/uploads\/2018\/01\/0a2604c0-c896-4317-bc94-2535fcf7dc12-300x212.jpg\" alt=\"0a2604c0-c896-4317-bc94-2535fcf7dc12\" width=\"456\" height=\"322\" srcset=\"https:\/\/portalcatolico.net\/portal\/wp-content\/uploads\/2018\/01\/0a2604c0-c896-4317-bc94-2535fcf7dc12-300x212.jpg 300w, https:\/\/portalcatolico.net\/portal\/wp-content\/uploads\/2018\/01\/0a2604c0-c896-4317-bc94-2535fcf7dc12-768x543.jpg 768w, https:\/\/portalcatolico.net\/portal\/wp-content\/uploads\/2018\/01\/0a2604c0-c896-4317-bc94-2535fcf7dc12.jpg 771w\" sizes=\"auto, (max-width: 456px) 100vw, 456px\" \/><\/p>\n","protected":false},"excerpt":{"rendered":"<p>As homenagens a S\u00e3o Sebasti\u00e3o, padroeiro de Barra do Rocha, que comp\u00f5e a Diocese de Ilh\u00e9us, no sul da Bahia, t\u00eam in\u00edcio nesta quinta-feira (11) e seguir\u00e3o at\u00e9 o dia 20 de janeiro de 2018. O tema central da festa \u00e9: Crist\u00e3os leigos e leigas, sujeitos na \u201cIgreja em sa\u00edda\u201d, a servi\u00e7o do Reino.\u00a0( sal&nbsp;<\/p>\n<p><a class=\"btn btn-style\" href=\"https:\/\/portalcatolico.net\/portal\/diocese-de-ilheus-celebra-sao-sebastiao-confira-a-programacao\/\">Continue Reading<\/a><\/p>\n","protected":false},"author":2,"featured_media":46822,"comment_status":"open","ping_status":"open","sticky":false,"template":"","format":"standard","meta":{"footnotes":""},"categories":[4],"tags":[],"class_list":["post-46821","post","type-post","status-publish","format-standard","has-post-thumbnail","hentry","category-destaques"],"_links":{"self":[{"href":"https:\/\/portalcatolico.net\/portal\/wp-json\/wp\/v2\/posts\/46821","targetHints":{"allow":["GET"]}}],"collection":[{"href":"https:\/\/portalcatolico.net\/portal\/wp-json\/wp\/v2\/posts"}],"about":[{"href":"https:\/\/portalcatolico.net\/portal\/wp-json\/wp\/v2\/types\/post"}],"author":[{"embeddable":true,"href":"https:\/\/portalcatolico.net\/portal\/wp-json\/wp\/v2\/users\/2"}],"replies":[{"embeddable":true,"href":"https:\/\/portalcatolico.net\/portal\/wp-json\/wp\/v2\/comments?post=46821"}],"version-history":[{"count":3,"href":"https:\/\/portalcatolico.net\/portal\/wp-json\/wp\/v2\/posts\/46821\/revisions"}],"predecessor-version":[{"id":46826,"href":"https:\/\/portalcatolico.net\/portal\/wp-json\/wp\/v2\/posts\/46821\/revisions\/46826"}],"wp:featuredmedia":[{"embeddable":true,"href":"https:\/\/portalcatolico.net\/portal\/wp-json\/wp\/v2\/media\/46822"}],"wp:attachment":[{"href":"https:\/\/portalcatolico.net\/portal\/wp-json\/wp\/v2\/media?parent=46821"}],"wp:term":[{"taxonomy":"category","embeddable":true,"href":"https:\/\/portalcatolico.net\/portal\/wp-json\/wp\/v2\/categories?post=46821"},{"taxonomy":"post_tag","embeddable":true,"href":"https:\/\/portalcatolico.net\/portal\/wp-json\/wp\/v2\/tags?post=46821"}],"curies":[{"name":"wp","href":"https:\/\/api.w.org\/{rel}","templated":true}]}}