{"id":38192,"date":"2017-10-06T22:46:27","date_gmt":"2017-10-07T01:46:27","guid":{"rendered":"http:\/\/portalcatolico.net\/portal\/?p=38192"},"modified":"2017-10-06T22:46:27","modified_gmt":"2017-10-07T01:46:27","slug":"noticias-da-arquidiocese-de-salvador-8","status":"publish","type":"post","link":"https:\/\/portalcatolico.net\/portal\/noticias-da-arquidiocese-de-salvador-8\/","title":{"rendered":"Not\u00edcias da Arquidiocese de Salvador"},"content":{"rendered":"<div><b><span style=\"color: #000000;\">Festa para Nossa Senhora Aparecida<\/span><\/b><\/div>\n<div><span style=\"color: #000000;\">\u00a0<\/span><\/div>\n<div><span style=\"color: #000000;\">As par\u00f3quias e comunidades dedicadas a Nossa Senhora Aparecida continuam em festa. Saiba mais em nosso\u00a0<\/span><a href=\"http:\/\/arquidiocesesalvador.org.br\/site\/?p=51228\" target=\"_blank\" rel=\"noopener noreferrer\"><b><span style=\"color: #0000ff;\">site<\/span><\/b><\/a><span style=\"color: #000000;\">!<\/span><\/div>\n<div><span style=\"color: #000000;\">\u00a0<\/span><\/div>\n<div><b><span style=\"color: #000000;\">Nossa Senhora de Nazar\u00e9 ser\u00e1 homenageada por devotos<\/span><\/b><\/div>\n<div><span style=\"color: #000000;\">\u00a0<\/span><\/div>\n<div><span style=\"color: #000000;\">No pr\u00f3ximo domingo, 8 de outubro, a par\u00f3quia Nossa Senhora de Nazar\u00e9 celebra a festa da padroeira. Os festejos ter\u00e3o in\u00edcio com alvorada \u00e0s 6h e a recita\u00e7\u00e3o do Of\u00edcio de Nossa Senhora \u00e0s 6h10. A programa\u00e7\u00e3o conta com Missas \u00e0s 6h30, 8h (esta presidida pelo bispo auxiliar da Arquidiocese de Salvador, Dom Estevam dos Santos Silva Filho), \u00e0s 10h e \u00e0s 16h (esta sob a presid\u00eancia do bispo auxiliar, Dom Gilson Andrade da Silva). Para encerrar os festejos, uma prociss\u00e3o luminosa com a imagem de Nossa Senhora de Nazar\u00e9 percorrer\u00e1 as principais ruas do bairro.<\/span><\/div>\n<div><span style=\"color: #000000;\">\u00a0<\/span><\/div>\n<div><b><span style=\"color: #000000;\">Pastoral do D\u00edzimo promove encontro com agentes e coordenadores<\/span><\/b><\/div>\n<div><span style=\"color: #000000;\">\u00a0<\/span><\/div>\n<div>Neste s\u00e1bado, dia 7 de outubro, a Pastoral do D\u00edzimo realizar\u00e1 um encontro com os coordenadores e agentes que atuam nas par\u00f3quias da Arquidiocese de Salvador, com o objetivo de motivar a pastoral. A atividade acontecer\u00e1 das 14h \u00e0s 17h, no Centro Arquidiocesano de Pastoral \u2013 C\u00faria Bom Pastor (avenida Leovigildo Filgueiras, 270, Garcia).<span style=\"color: #000000;\">\u00a0Saiba mais\u00a0<\/span><a href=\"http:\/\/arquidiocesesalvador.org.br\/site\/?p=51387\" target=\"_blank\" rel=\"noopener noreferrer\"><span style=\"color: #0000ff;\"><b>aqui<\/b><\/span><\/a><span style=\"color: #000000;\">.<\/span><\/div>\n<div><span style=\"color: #000000;\">\u00a0<\/span><\/div>\n<div><b><span style=\"color: #000000;\">Festival \u201cOralelou\u201d anima par\u00f3quia S\u00e3o Jos\u00e9 Oper\u00e1rio<\/span><\/b><\/div>\n<div><span style=\"color: #000000;\">\u00a0<\/span><\/div>\n<div><span style=\"color: #000000;\">A par\u00f3quia S\u00e3o Jos\u00e9 Oper\u00e1rio realizar\u00e1 a 3\u00aa edi\u00e7\u00e3o do \u201cOralelou\u201d, atividade que re\u00fane a comunidade para a Missa, momentos de louvor, adora\u00e7\u00e3o ao Sant\u00edssimo Sacramento e shows. Este ano o evento acontecer\u00e1 no dia 7 de outubro, a partir das 13h, na Matriz (rua Thomaz Gonzaga, 398 E, Pernambu\u00e9s). A entrada \u00e9 1Kg de alimento n\u00e3o perec\u00edvel que dever\u00e1 ser levado no dia.<\/span><\/div>\n<div><span style=\"color: #000000;\">\u00a0<\/span><\/div>\n<div><b><span style=\"color: #000000;\">Par\u00f3quia Divino Esp\u00edrito Santo oferece forma\u00e7\u00e3o<\/span><\/b><\/div>\n<div><span style=\"color: #000000;\">\u00a0<\/span><\/div>\n<div><span style=\"color: #000000;\">Animadores Lit\u00fargicos (comentaristas), leitores, equipes de Liturgia, ministros extraordin\u00e1rios da Sagrada Comunh\u00e3o Eucar\u00edstica e coroinhas poder\u00e3o participar da Escola de Liturgia, oferecida pela par\u00f3quia Divino Esp\u00edrito Santo. A forma\u00e7\u00e3o acontecer\u00e1 no pr\u00f3ximo s\u00e1bado (7), a partir das 13h30, na matriz (Estrada das Muri\u00e7ocas, 714, Vale dos Lagos). Mais informa\u00e7\u00f5es pelo telefone (71) 3393-1323.<\/span><\/div>\n<div><span style=\"color: #000000;\">\u00a0<\/span><\/div>\n<div><b><span style=\"color: #000000;\">Par\u00f3quia S\u00e3o Lucas Evangelista celebra a festa do padroeiro e os 25 anos de cria\u00e7\u00e3o<\/span><\/b><\/div>\n<div><span style=\"color: #000000;\">\u00a0<\/span><\/div>\n<div>Neste ano de 2017, a par\u00f3quia S\u00e3o Lucas Evangelista completa 25 anos de cria\u00e7\u00e3o. Para celebrar este momento importante na hist\u00f3ria desta jovem par\u00f3quia e na vida de toda a comunidade, uma s\u00e9rie de atividades foram programadas, de modo especial durante o per\u00edodo da festa do padroeiro.<span style=\"color: #000000;\">\u00a0Clique\u00a0<\/span><a href=\"http:\/\/arquidiocesesalvador.org.br\/site\/?p=51391\" target=\"_blank\" rel=\"noopener noreferrer\"><span style=\"color: #0000ff;\"><b>aqui<\/b><\/span><\/a><span style=\"color: #000000;\">\u00a0e veja a programa\u00e7\u00e3o completa!<\/span><\/div>\n<div><span style=\"color: #000000;\">\u00a0<\/span><\/div>\n<div><b><span style=\"color: #000000;\">Pascom inscreve para oficina sobre v\u00eddeo de transmiss\u00e3o ao vivo pelas redes sociais<\/span><\/b><\/div>\n<div><span style=\"color: #000000;\">\u00a0<\/span><\/div>\n<div><span style=\"color: #000000;\">A Pastoral da Comunica\u00e7\u00e3o Arquidiocesana (Pascom) est\u00e1 com inscri\u00e7\u00f5es abertas para a oficina \u201c#AoVivo: princ\u00edpios b\u00e1sicos da transmiss\u00e3o em tempo real pelas redes sociais&#8221;. A atividade acontecer\u00e1 no dia 28 de outubro, das 8h \u00e0s 12h, no Centro de Pastoral &#8211; C\u00faria Bom Pastor (avenida Leovigildo Filgueiras, 270, Garcia). O investimento \u00e9 no valor de R$ 20 e os participantes receber\u00e3o certificado. As inscri\u00e7\u00f5es podem ser realizadas\u00a0<\/span><a href=\"http:\/\/arquidiocesesalvador.org.br\/site\/?p=51240\" target=\"_blank\" rel=\"noopener noreferrer\"><span style=\"color: #0000ff;\"><b>aqui<\/b><\/span><\/a><span style=\"color: #000000;\">!<\/span><\/div>\n<div><span style=\"color: #000000;\">\u00a0<\/span><\/div>\n<div><b><span style=\"color: #000000;\">Festa para Santa Teresa D\u2019\u00c1vila na Ordem Terceira de Nossa Senhora do Carmo<\/span><\/b><\/div>\n<div><span style=\"color: #000000;\">\u00a0<\/span><\/div>\n<div><span style=\"color: #000000;\">A Vener\u00e1vel Ordem Terceira de Nossa Senhora do Carmo (Largo do Carmo, s\/n, bairro Santo Ant\u00f4nio) realizar\u00e1 um tr\u00edduo em prepara\u00e7\u00e3o \u00e0 festa de Santa Teresa D\u2019\u00c1vila, de 12 a 14 de outubro, sempre \u00e0s 19h30. No dia 15 de outubro, \u00e0s 9h, o frei Raimundo Brito de Carvalho presidir\u00e1 a Missa e logo em seguida haver\u00e1 uma prociss\u00e3o pelo bairro de Santo Ant\u00f4nio.<\/span><\/div>\n<div><span style=\"color: #000000;\">\u00a0<\/span><\/div>\n<div><b><span style=\"color: #000000;\">Feira Paroquial anima comunidades de Itapu\u00e3<\/span><\/b><\/div>\n<div><span style=\"color: #000000;\">\u00a0<\/span><\/div>\n<div>Nos dias 14 e 15 de outubro, a par\u00f3quia Nossa Senhora da Concei\u00e7\u00e3o (Itapu\u00e3) realizar\u00e1 a Feira Paroquial. O evento acontecer\u00e1 no Clube Cassas, localizado na Vila Militar da Aeron\u00e1utica<span style=\"color: #000000;\">.\u00a0<\/span><a href=\"http:\/\/arquidiocesesalvador.org.br\/site\/?p=51296\" target=\"_blank\" rel=\"noopener noreferrer\"><span style=\"color: #0000ff;\"><b>Confira<\/b><\/span><\/a><span style=\"color: #000000;\">!<\/span><\/div>\n<div><span style=\"color: #000000;\">\u00a0<\/span><\/div>\n<div><b><span style=\"color: #000000;\">Legi\u00e3o de Maria da Forania 7 realiza encontr\u00e3o<\/span><\/b><\/div>\n<div><span style=\"color: #000000;\">\u00a0<\/span><\/div>\n<div>Legion\u00e1rios e legion\u00e1rias da Forania 7 j\u00e1 t\u00eam um compromisso marcado no dia 14 de outubro: 1\u00ba Encontr\u00e3o da Legi\u00e3o de Maria.\u00a0<span style=\"color: #000000;\">Quer saber como voc\u00ea pode participar? Clique\u00a0<\/span><a href=\"http:\/\/arquidiocesesalvador.org.br\/site\/?p=51179\" target=\"_blank\" rel=\"noopener noreferrer\"><span style=\"color: #0000ff;\"><b>aqui<\/b><\/span><\/a><span style=\"color: #000000;\">!<\/span><\/div>\n","protected":false},"excerpt":{"rendered":"<p>Festa para Nossa Senhora Aparecida \u00a0 As par\u00f3quias e comunidades dedicadas a Nossa Senhora Aparecida continuam em festa. Saiba mais em nosso\u00a0site! \u00a0 Nossa Senhora de Nazar\u00e9 ser\u00e1 homenageada por devotos \u00a0 No pr\u00f3ximo domingo, 8 de outubro, a par\u00f3quia Nossa Senhora de Nazar\u00e9 celebra a festa da padroeira. Os festejos ter\u00e3o in\u00edcio com alvorada&nbsp;<\/p>\n<p><a class=\"btn btn-style\" href=\"https:\/\/portalcatolico.net\/portal\/noticias-da-arquidiocese-de-salvador-8\/\">Continue Reading<\/a><\/p>\n","protected":false},"author":2,"featured_media":38193,"comment_status":"open","ping_status":"open","sticky":false,"template":"","format":"standard","meta":{"footnotes":""},"categories":[3],"tags":[],"class_list":["post-38192","post","type-post","status-publish","format-standard","has-post-thumbnail","hentry","category-noticias_regionais"],"_links":{"self":[{"href":"https:\/\/portalcatolico.net\/portal\/wp-json\/wp\/v2\/posts\/38192","targetHints":{"allow":["GET"]}}],"collection":[{"href":"https:\/\/portalcatolico.net\/portal\/wp-json\/wp\/v2\/posts"}],"about":[{"href":"https:\/\/portalcatolico.net\/portal\/wp-json\/wp\/v2\/types\/post"}],"author":[{"embeddable":true,"href":"https:\/\/portalcatolico.net\/portal\/wp-json\/wp\/v2\/users\/2"}],"replies":[{"embeddable":true,"href":"https:\/\/portalcatolico.net\/portal\/wp-json\/wp\/v2\/comments?post=38192"}],"version-history":[{"count":1,"href":"https:\/\/portalcatolico.net\/portal\/wp-json\/wp\/v2\/posts\/38192\/revisions"}],"predecessor-version":[{"id":38194,"href":"https:\/\/portalcatolico.net\/portal\/wp-json\/wp\/v2\/posts\/38192\/revisions\/38194"}],"wp:featuredmedia":[{"embeddable":true,"href":"https:\/\/portalcatolico.net\/portal\/wp-json\/wp\/v2\/media\/38193"}],"wp:attachment":[{"href":"https:\/\/portalcatolico.net\/portal\/wp-json\/wp\/v2\/media?parent=38192"}],"wp:term":[{"taxonomy":"category","embeddable":true,"href":"https:\/\/portalcatolico.net\/portal\/wp-json\/wp\/v2\/categories?post=38192"},{"taxonomy":"post_tag","embeddable":true,"href":"https:\/\/portalcatolico.net\/portal\/wp-json\/wp\/v2\/tags?post=38192"}],"curies":[{"name":"wp","href":"https:\/\/api.w.org\/{rel}","templated":true}]}}