{"id":38188,"date":"2017-10-06T17:18:14","date_gmt":"2017-10-06T20:18:14","guid":{"rendered":"http:\/\/portalcatolico.net\/portal\/?p=38188"},"modified":"2017-10-06T17:18:14","modified_gmt":"2017-10-06T20:18:14","slug":"padres-cantores-e-artistas-fazem-shows-em-homenagem-a-nossa-senhora-aparecida","status":"publish","type":"post","link":"https:\/\/portalcatolico.net\/portal\/padres-cantores-e-artistas-fazem-shows-em-homenagem-a-nossa-senhora-aparecida\/","title":{"rendered":"Padres cantores e artistas fazem shows em homenagem \u00e0 Nossa Senhora Aparecida"},"content":{"rendered":"<p>Durante as comemora\u00e7\u00f5es dos 300 anos no Santu\u00e1rio Nacional, os devotos poder\u00e3o participar de uma programa\u00e7\u00e3o especial de shows em homenagem a Nossa Senhora Aparecida.<\/p>\n<p>Nos dias 10 e 12 de outubro a M\u00e3e Aparecida ser\u00e1 presenteada com can\u00e7\u00f5es marianas nas vozes de diversos padres cantores e grandes nomes da m\u00fasica nacional no Festival da Padroeira, em shows gratuitos na Tribuna Bento XVI.<\/p>\n<p><strong>Dia 10 de outubro<\/strong><\/p>\n<p>A partir das 20h30, assista ao Festival da Padroeira com os Padres Cantores, tendo a participa\u00e7\u00e3o da cantora cat\u00f3lica, Ziza Fernandes, e a apresenta\u00e7\u00e3o do cantor Daniel.<\/p>\n<p>Passar\u00e3o pela tribuna intitulada Bento XVI, no Santu\u00e1rio Nacional, para esse grande show em homenagem a Nossa Senhora Aparecida: Pe. F\u00e1bio de Melo, Pe. Marcos, Pe. Juarez, Pe. Jo\u00e3ozinho, Pe. Omar, Pe. Periquito, Pe. Zezinho, Pe. Antonio Maria e Pe. Reginaldo Manzotti.<\/p>\n<p><strong>Dia 12 de outubro<\/strong><\/p>\n<p>O Festival da Padroeira re\u00fane nomes como Daniel, Michel Tel\u00f3, Faf\u00e1 de Bel\u00e9m, Chit\u00e3ozinho e Xoror\u00f3, Alcione, Paula Fernandes, Renato Teixeira, Elba Ramalho, Preta Gil, Agnaldo Rayol, Joana e pe. F\u00e1bio de Melo, para fechar as festividades dos 300 anos da M\u00e3e Aparecida com can\u00e7\u00f5es que ir\u00e3o emocionar a todos os devotos.<\/p>\n<p>O arranjo para cada uma das m\u00fasicas foi preparado pelo diretor art\u00edstico e musical do Festival da Padroeira, Ruri\u00e1 Duprat. Duprat \u00e9 de uma fam\u00edlia de musicistas e seu trabalho \u00e9 de grande refer\u00eancia no mercado da m\u00fasica, tendo conquistado muitos pr\u00eamios importantes em sua carreira musical como maestro, compositor, produtor musical, arranjador e pianista.<\/p>\n<p><strong>Participa\u00e7\u00e3o do\u00a0Projeto de Educa\u00e7\u00e3o Musical do Santu\u00e1rio de Aparecida<\/strong><\/p>\n<p>Para ele participar das festividades dos 300 anos do encontro da imagem de Aparecida \u00e9 recordar momentos especiais da sua vida. \u201cUm honra enorme em poder participar e eu particularmente tenho uma hist\u00f3ria muito s\u00e9ria com Aparecida. Meu pai \u00e9 o music\u00f3logo R\u00e9gis Duprat e ele fez muitas pesquisas aqui no Vale do Para\u00edba de compositores dos s\u00e9culos XVII e XVIII, e eu vinha em todas as minhas f\u00e9rias para Aparecida, quando eu tinha 9\/10 anos de idade e ficava em um convento, onde hoje \u00e9 um hotel. Inclusive a minha madrinha \u00e9 daqui de Aparecida\u201d, relatou.<\/p>\n<p>O diretor do Festival da Padroeira tamb\u00e9m explicou como tudo foi preparado para os shows e ressaltou a participa\u00e7\u00e3o do PEMSA (Projeto de Educa\u00e7\u00e3o Musical do Santu\u00e1rio de Aparecida), que ir\u00e1 acompanhar a apresenta\u00e7\u00e3o dos cantores no dia 12 de outubro.<\/p>\n<p>\u201cEstar fazendo isso com a Orquestra do PEMSA \u00e9 uma coisa linda, um projeto maravilhoso. Somos em quatro arranjadores e todos os arranjos foram pensados especialmente para essa orquestra, para essa ocasi\u00e3o, ent\u00e3o tudo foi preparado para esse evento, e a gente fica muito feliz em ver que tudo funcionou maravilhosamente bem\u201d, explicou Duprat.<\/p>\n<p>Al\u00e9m do PEMSA, o Festival da Padroeira conta com uma banda base que ser\u00e1 respons\u00e1vel por acompanhar o show com os padres cantores no dia 10 e no dia 12, participar\u00e1 da forma\u00e7\u00e3o musical com o Projeto de Educa\u00e7\u00e3o Musical do Santu\u00e1rio.<\/p>\n<p>\u201cEsses s\u00e3o m\u00fasicos extremamente experientes, e para eles est\u00e1 sendo tamb\u00e9m uma coisa incr\u00edvel, eles est\u00e3o super animados.\u201d<\/p>\n<p>Essa \u00e9 a segunda vez que o artista Ruri\u00e1 Duprat dirige um show musical no Santu\u00e1rio, a sua primeira produ\u00e7\u00e3o em Aparecida foi com o espet\u00e1culo do tenor Andrea Bocelli, em outubro de 2016.<\/p>\n<p>Para os shows desse Ano Jubilar, Duprat refor\u00e7a a sua expectativa e satisfa\u00e7\u00e3o em participar pelo segundo ano consecutivo de uma celebra\u00e7\u00e3o em homenagem a Nossa Senhora Aparecida.<\/p>\n<p>\u201cA expectativa \u00e9 enorme, inclusive a gente t\u00e1 esperando um p\u00fablico grande, eu tava aqui h\u00e1 um ano, no show do Andrea Bocelli, ent\u00e3o \u00e9 um experi\u00eancia incr\u00edvel estar aqui dois anos seguidos.\u201d<\/p>\n<p>No total, 28 arranjos foram feitos para o Festival da Padroeira, sendo 14 can\u00e7\u00f5es em cada dia de show.<\/p>\n<p><em>(Textos do Portal a12.com)<\/em><\/p>\n","protected":false},"excerpt":{"rendered":"<p>Durante as comemora\u00e7\u00f5es dos 300 anos no Santu\u00e1rio Nacional, os devotos poder\u00e3o participar de uma programa\u00e7\u00e3o especial de shows em homenagem a Nossa Senhora Aparecida. Nos dias 10 e 12 de outubro a M\u00e3e Aparecida ser\u00e1 presenteada com can\u00e7\u00f5es marianas nas vozes de diversos padres cantores e grandes nomes da m\u00fasica nacional no Festival da&nbsp;<\/p>\n<p><a class=\"btn btn-style\" href=\"https:\/\/portalcatolico.net\/portal\/padres-cantores-e-artistas-fazem-shows-em-homenagem-a-nossa-senhora-aparecida\/\">Continue Reading<\/a><\/p>\n","protected":false},"author":2,"featured_media":38189,"comment_status":"open","ping_status":"open","sticky":false,"template":"","format":"standard","meta":{"footnotes":""},"categories":[4],"tags":[],"class_list":["post-38188","post","type-post","status-publish","format-standard","has-post-thumbnail","hentry","category-destaques"],"_links":{"self":[{"href":"https:\/\/portalcatolico.net\/portal\/wp-json\/wp\/v2\/posts\/38188","targetHints":{"allow":["GET"]}}],"collection":[{"href":"https:\/\/portalcatolico.net\/portal\/wp-json\/wp\/v2\/posts"}],"about":[{"href":"https:\/\/portalcatolico.net\/portal\/wp-json\/wp\/v2\/types\/post"}],"author":[{"embeddable":true,"href":"https:\/\/portalcatolico.net\/portal\/wp-json\/wp\/v2\/users\/2"}],"replies":[{"embeddable":true,"href":"https:\/\/portalcatolico.net\/portal\/wp-json\/wp\/v2\/comments?post=38188"}],"version-history":[{"count":1,"href":"https:\/\/portalcatolico.net\/portal\/wp-json\/wp\/v2\/posts\/38188\/revisions"}],"predecessor-version":[{"id":38190,"href":"https:\/\/portalcatolico.net\/portal\/wp-json\/wp\/v2\/posts\/38188\/revisions\/38190"}],"wp:featuredmedia":[{"embeddable":true,"href":"https:\/\/portalcatolico.net\/portal\/wp-json\/wp\/v2\/media\/38189"}],"wp:attachment":[{"href":"https:\/\/portalcatolico.net\/portal\/wp-json\/wp\/v2\/media?parent=38188"}],"wp:term":[{"taxonomy":"category","embeddable":true,"href":"https:\/\/portalcatolico.net\/portal\/wp-json\/wp\/v2\/categories?post=38188"},{"taxonomy":"post_tag","embeddable":true,"href":"https:\/\/portalcatolico.net\/portal\/wp-json\/wp\/v2\/tags?post=38188"}],"curies":[{"name":"wp","href":"https:\/\/api.w.org\/{rel}","templated":true}]}}