{"id":38184,"date":"2017-10-06T17:09:57","date_gmt":"2017-10-06T20:09:57","guid":{"rendered":"http:\/\/portalcatolico.net\/portal\/?p=38184"},"modified":"2017-10-06T17:09:57","modified_gmt":"2017-10-06T20:09:57","slug":"boulevard-olimpico-e-a-nova-casa-do-halleluya-rio","status":"publish","type":"post","link":"https:\/\/portalcatolico.net\/portal\/boulevard-olimpico-e-a-nova-casa-do-halleluya-rio\/","title":{"rendered":"Boulevard Ol\u00edmpico \u00e9 a nova casa do Halleluya Rio"},"content":{"rendered":"<p>O Halleluya Rio tem casa nova este ano. Em sua s\u00e9tima edi\u00e7\u00e3o na Cidade Maravilhosa, o festival de artes integradas promovido pela Comunidade Shalom promete levar a express\u00e3o do melhor da m\u00fasica cat\u00f3lica para um dos novos\u00a0<em>points<\/em>culturais do Rio de Janeiro, o Boulevard Ol\u00edmpico. O evento, que acontece de 27 a 29 de outubro, vai contar com a participa\u00e7\u00e3o de bandas consagradas no meio como Rosa de Saron, Mission\u00e1rio Shalom e Alto Louvor, al\u00e9m de cantores como Davidson Silva e Ana Gabriela. A programa\u00e7\u00e3o tamb\u00e9m ter\u00e1 novidades: pela primeira vez ID2, Cl\u00e1udio Castro, Emanuel St\u00eanio, Higor Fernandes e Jadir Barcellos v\u00e3o se apresentar no palco do Halleluya Rio.<\/p>\n<p>Nascido em Fortaleza (CE) como uma proposta de evangeliza\u00e7\u00e3o dos jovens, o Halleluya tem v\u00e1rios ambientes. Um deles \u00e9 o Espa\u00e7o da Miseric\u00f3rdia, que possui uma tenda de adora\u00e7\u00e3o a Jesus Sacramentado, al\u00e9m de um espa\u00e7o onde sacerdotes se revezar\u00e3o durante os tr\u00eas dias de evento para ministrar o sacramento da confiss\u00e3o a todos os participantes que desejarem. O espa\u00e7o tamb\u00e9m oferecer\u00e1 atendimento de ora\u00e7\u00e3o e aconselhamento, feito por mission\u00e1rios da Comunidade Shalom e por membros de novas comunidades do Rio de Janeiro.<\/p>\n<p>Para o arcebispo do Rio, Cardeal Orani Jo\u00e3o Tempesta, o Halleluya \u00e9 uma oportunidade de promover a cultura de paz na cidade t\u00e3o marcada pelas mazelas da viol\u00eancia. \u201cNesse tempo de tantas dificuldades e m\u00e1s not\u00edcias, queremos dar uma boa not\u00edcia: a beleza da constru\u00e7\u00e3o de uma cultura de paz, de fraternidade, de alegria, que todos que participam do Halleluya transmitem. Prepare-se e venha participar conosco. Tenho certeza que ser\u00e1 uma \u00f3tima not\u00edcia e uma bela oportunidade para a cidade e regi\u00e3o\u201d, disse o cardeal, que vai presidir a Adora\u00e7\u00e3o no dia 28 de outubro.<\/p>\n<p>Al\u00e9m de m\u00fasica e espiritualidade, o p\u00fablico poder\u00e1 exercer sua fraternidade e engajamento social levando um quilo de alimento n\u00e3o perec\u00edvel, que ser\u00e1 entregue \u00e0 Miss\u00e3o Amor que Cura. Pelo terceiro ano consecutivo, a organiza\u00e7\u00e3o do Halleluya firmou parceria com o Hospital S\u00e3o Francisco na Provid\u00eancia de Deus, que mant\u00e9m esta a\u00e7\u00e3o social, visando levar conforto e alimento \u00e0s comunidades assistidas pelo projeto, entre elas, a de Jardim Gramacho.<\/p>\n<p><strong>Uma experi\u00eancia com o amor de Deus<\/strong><\/p>\n<p>O Halleluya Rio n\u00e3o \u00e9 somente um festival de artes integradas. O evento objetiva ser um an\u00fancio do Kerigma e uma oportunidade de experi\u00eancia com o amor de Deus. Tendo isso em vista toda a programa\u00e7\u00e3o \u00e9 organizada, bem como a disposi\u00e7\u00e3o e decora\u00e7\u00e3o dos espa\u00e7os s\u00e3o preparados.<\/p>\n<p>Muitos s\u00e3o os testemunhos de pessoas alcan\u00e7adas por Deus nestes sete anos de Halleluya Rio. A jovem Karen Fontella, de 18 anos, \u00e9 uma delas. Ela conta que ficou impressionada com o sil\u00eancio do p\u00fablico do festival durante a adora\u00e7\u00e3o e com o acolhimento que recebeu de todos os mission\u00e1rios envolvidos na organiza\u00e7\u00e3o do evento.<\/p>\n<p>\u201cMeu primeiro Halleluya foi em 2014. Eu fui com os jovens da minha par\u00f3quia e l\u00e1 eu tive uma forte experi\u00eancia com Deus. Na \u00faltima adora\u00e7\u00e3o do Halleluya, eu tive uma forte experi\u00eancia com o Amor de Deus que \u00e9 Pai, que \u00e9 misericordioso, que viu as minhas feridas e me amou mesmo assim. E \u00e9 essa experi\u00eancia que eu carrego. Foi depois dessa experi\u00eancia que eu fui batizada, fiz minha primeira comunh\u00e3o e fui crismada\u201d, contou.<\/p>\n<p><strong>Programa\u00e7\u00e3o<\/strong><\/p>\n<p>No primeiro dia do Halleluya Rio, sexta-feira, 27 de outubro, a programa\u00e7\u00e3o vai come\u00e7ar \u00e0s 17h e contar\u00e1 com a apresenta\u00e7\u00e3o de Davidson Silva, Rosa de Saron e Jadir Barcellos, al\u00e9m do espet\u00e1culo \u201cO Canto das \u00cdrias\u201d.<\/p>\n<p>No s\u00e1bado, os shows ter\u00e3o in\u00edcio \u00e0s 16h com apresenta\u00e7\u00e3o de Emanuel St\u00eanio, Mission\u00e1rio Shalom, ID2 e Cl\u00e1udio Castro no palco principal do evento. Haver\u00e1 tamb\u00e9m, neste dia, uma apresenta\u00e7\u00e3o especial da Schola Cantorum, do Semin\u00e1rio Arquidiocesano de S\u00e3o Jos\u00e9.<\/p>\n<p>Fechando a programa\u00e7\u00e3o desta s\u00e9tima edi\u00e7\u00e3o, o domingo ter\u00e1 in\u00edcio \u00e0s 15h, com a santa missa, seguida dos shows de Higor Fernandes, Ana Gabriela, Alto Louvor e Cosme. A ordem da apresenta\u00e7\u00e3o dos artistas nos dias do festival, ainda n\u00e3o foram divulgadas.(Argrio)<\/p>\n<p><strong>SERVI\u00c7O<\/strong><\/p>\n<p>Halleluya Rio<\/p>\n<p>Data: 26, 27 e 28 de outubro<\/p>\n<p>Local: Boulevard Ol\u00edmpico<\/p>\n<p>Mais informa\u00e7\u00f5es: festivalhalleluya.org\/rio\/<\/p>\n<p>Foto: Divulga\u00e7\u00e3o<\/p>\n<p>Por: Christiane Sales<\/p>\n","protected":false},"excerpt":{"rendered":"<p>O Halleluya Rio tem casa nova este ano. Em sua s\u00e9tima edi\u00e7\u00e3o na Cidade Maravilhosa, o festival de artes integradas promovido pela Comunidade Shalom promete levar a express\u00e3o do melhor da m\u00fasica cat\u00f3lica para um dos novos\u00a0pointsculturais do Rio de Janeiro, o Boulevard Ol\u00edmpico. O evento, que acontece de 27 a 29 de outubro, vai&nbsp;<\/p>\n<p><a class=\"btn btn-style\" href=\"https:\/\/portalcatolico.net\/portal\/boulevard-olimpico-e-a-nova-casa-do-halleluya-rio\/\">Continue Reading<\/a><\/p>\n","protected":false},"author":2,"featured_media":38185,"comment_status":"open","ping_status":"open","sticky":false,"template":"","format":"standard","meta":{"footnotes":""},"categories":[1],"tags":[],"class_list":["post-38184","post","type-post","status-publish","format-standard","has-post-thumbnail","hentry","category-agenda"],"_links":{"self":[{"href":"https:\/\/portalcatolico.net\/portal\/wp-json\/wp\/v2\/posts\/38184","targetHints":{"allow":["GET"]}}],"collection":[{"href":"https:\/\/portalcatolico.net\/portal\/wp-json\/wp\/v2\/posts"}],"about":[{"href":"https:\/\/portalcatolico.net\/portal\/wp-json\/wp\/v2\/types\/post"}],"author":[{"embeddable":true,"href":"https:\/\/portalcatolico.net\/portal\/wp-json\/wp\/v2\/users\/2"}],"replies":[{"embeddable":true,"href":"https:\/\/portalcatolico.net\/portal\/wp-json\/wp\/v2\/comments?post=38184"}],"version-history":[{"count":1,"href":"https:\/\/portalcatolico.net\/portal\/wp-json\/wp\/v2\/posts\/38184\/revisions"}],"predecessor-version":[{"id":38186,"href":"https:\/\/portalcatolico.net\/portal\/wp-json\/wp\/v2\/posts\/38184\/revisions\/38186"}],"wp:featuredmedia":[{"embeddable":true,"href":"https:\/\/portalcatolico.net\/portal\/wp-json\/wp\/v2\/media\/38185"}],"wp:attachment":[{"href":"https:\/\/portalcatolico.net\/portal\/wp-json\/wp\/v2\/media?parent=38184"}],"wp:term":[{"taxonomy":"category","embeddable":true,"href":"https:\/\/portalcatolico.net\/portal\/wp-json\/wp\/v2\/categories?post=38184"},{"taxonomy":"post_tag","embeddable":true,"href":"https:\/\/portalcatolico.net\/portal\/wp-json\/wp\/v2\/tags?post=38184"}],"curies":[{"name":"wp","href":"https:\/\/api.w.org\/{rel}","templated":true}]}}