{"id":38152,"date":"2017-10-03T06:22:06","date_gmt":"2017-10-03T09:22:06","guid":{"rendered":"http:\/\/portalcatolico.net\/portal\/?p=38152"},"modified":"2017-10-03T06:22:06","modified_gmt":"2017-10-03T09:22:06","slug":"papa-pedir-a-jesus-a-coragem-de-segui-lo-perto","status":"publish","type":"post","link":"https:\/\/portalcatolico.net\/portal\/papa-pedir-a-jesus-a-coragem-de-segui-lo-perto\/","title":{"rendered":"Papa: pedir a Jesus a coragem de segui-Lo perto"},"content":{"rendered":"<p>O Papa Francisco celebrou na manh\u00e3 de ter\u00e7a-feira (03\/10) a missa na capela da Casa Santa Marta.<\/p>\n<p>A homilia do Pont\u00edfice foi inspirada no Evangelho de Lucas proposto pela liturgia do dia, em que Jesus toma\u00a0<strong>duas decis\u00f5es<\/strong>\u00a0ao se aproximar o momento da sua Paix\u00e3o:\u00a0<strong>colocar-se em caminho<\/strong>\u00a0e, portanto, aceitar a vontade do Pai e ir avante e, depois,\u00a0<strong>anunciar esta decis\u00e3o<\/strong>\u00a0aos seus disc\u00edpulos.<\/p>\n<p>&#8220;Somente uma vez\u201d, afirmou o Papa, Jesus &#8220;se permitiu pedir ao Pai que afastasse um pouco esta cruz: &#8216;Pai \u2013 no Jardim das Oliveiras \u2013, se poss\u00edvel, afasta de mim este c\u00e1lice. Mas n\u00e3o seja feita a minha, mas a tua vontade&#8217;.\u00a0Obediente; aquilo que o Pai quer.\u00a0<strong>Decidido e obediente\u00a0e nada mais.<\/strong>\u00a0E assim at\u00e9 o fim. O Senhor pacienta\u2026Pacienta. \u00c9 um exemplo de caminho, n\u00e3o somente morrer sofrendo sobre a cruz, mas caminhar em paci\u00eancia&#8221;.<\/p>\n<p>Mas diante desta decis\u00e3o, diante do caminho rumo a Jerusal\u00e9m e rumo \u00e0 cruz, os disc\u00edpulos n\u00e3o seguem o seu Mestre. \u00c9 o que narram v\u00e1rias p\u00e1ginas dos Evangelhos que o Papa cita. \u00c0s vezes, os disc\u00edpulos \u201cn\u00e3o entendem o que quer dizer ou n\u00e3o querem entender, porque estavam com medo&#8221;; outras vezes, \u201cescondiam a verdade\u201d ou se distraiam fazendo \u201ccoisas alienantes\u201d; ou at\u00e9 mesmo, como se l\u00ea no Evangelho de hoje, \u201cprocuravam um \u00e1libi para n\u00e3o pensar\u201d naquilo que aguardava o Senhor.<\/p>\n<p>\u201cN\u00e3o era acompanhado nesta decis\u00e3o, porque ningu\u00e9m entendia o mist\u00e9rio de Jesus,\u00a0<strong>a solid\u00e3o de Jesus no caminho para Jerusal\u00e9m<\/strong>: sozinho. E isto, at\u00e9 o final. Pensemos depois no abandono dos disc\u00edpulos, na trai\u00e7\u00e3o de Pedro&#8230; Sozinho. O Evangelho nos diz que aparece a ele somente um anjo do c\u00e9u para confort\u00e1-lo no Jardim das Oliveiras. Somente aquela companhia. Somente\u201d.<\/p>\n<p>Vale a pena \u2013 e esta \u00e9 a sugest\u00e3o final do Papa hoje \u2013 para\u00a0<strong>\u201ctomarmos um pouco de tempo para pensar\u201d em Jesus que \u201ctanto nos amou\u201d<\/strong>, \u201cque caminhou sozinho para a Cruz\u201d, \u201cna incompreens\u00e3o tamb\u00e9m dos seus\u201d. \u201cPensar\u201d, \u201cver\u201d, \u201cagradecer\u201d a Jesus obediente e corajoso e conversar com ele.<\/p>\n<p>E \u00e9 o pr\u00f3prio Papa a sugerir as palavras:<\/p>\n<p>\u201cQuantas vezes eu procuro fazer tantas coisas e n\u00e3o olho para Ti, que fizeste isto por mim? Que foi paciente &#8211; o homem paciente, Deus paciente\u00a0 &#8211; que com tanta paci\u00eancia tolera os meus pecados, os meus fracassos? E falar com Jesus assim. Ele decidiu sempre ir em frente, oferecer a face, e agradec\u00ea-lo. Tomemos hoje um pouco de tempo, poucos minutos \u2013 cinco, dez, quinze \u2013 diante do Crucifixo, talvez ou com imagina\u00e7\u00e3o, ver Jesus caminhar decididamente para Jerusal\u00e9m e\u00a0<strong>pedir a gra\u00e7a de ter a coragem de segui-Lo de perto<\/strong>\u201d.(News.va)<\/p>\n","protected":false},"excerpt":{"rendered":"<p>O Papa Francisco celebrou na manh\u00e3 de ter\u00e7a-feira (03\/10) a missa na capela da Casa Santa Marta. A homilia do Pont\u00edfice foi inspirada no Evangelho de Lucas proposto pela liturgia do dia, em que Jesus toma\u00a0duas decis\u00f5es\u00a0ao se aproximar o momento da sua Paix\u00e3o:\u00a0colocar-se em caminho\u00a0e, portanto, aceitar a vontade do Pai e ir avante&nbsp;<\/p>\n<p><a class=\"btn btn-style\" href=\"https:\/\/portalcatolico.net\/portal\/papa-pedir-a-jesus-a-coragem-de-segui-lo-perto\/\">Continue Reading<\/a><\/p>\n","protected":false},"author":2,"featured_media":38153,"comment_status":"open","ping_status":"open","sticky":false,"template":"","format":"standard","meta":{"footnotes":""},"categories":[5],"tags":[],"class_list":["post-38152","post","type-post","status-publish","format-standard","has-post-thumbnail","hentry","category-igreja_no_mundo"],"_links":{"self":[{"href":"https:\/\/portalcatolico.net\/portal\/wp-json\/wp\/v2\/posts\/38152","targetHints":{"allow":["GET"]}}],"collection":[{"href":"https:\/\/portalcatolico.net\/portal\/wp-json\/wp\/v2\/posts"}],"about":[{"href":"https:\/\/portalcatolico.net\/portal\/wp-json\/wp\/v2\/types\/post"}],"author":[{"embeddable":true,"href":"https:\/\/portalcatolico.net\/portal\/wp-json\/wp\/v2\/users\/2"}],"replies":[{"embeddable":true,"href":"https:\/\/portalcatolico.net\/portal\/wp-json\/wp\/v2\/comments?post=38152"}],"version-history":[{"count":1,"href":"https:\/\/portalcatolico.net\/portal\/wp-json\/wp\/v2\/posts\/38152\/revisions"}],"predecessor-version":[{"id":38154,"href":"https:\/\/portalcatolico.net\/portal\/wp-json\/wp\/v2\/posts\/38152\/revisions\/38154"}],"wp:featuredmedia":[{"embeddable":true,"href":"https:\/\/portalcatolico.net\/portal\/wp-json\/wp\/v2\/media\/38153"}],"wp:attachment":[{"href":"https:\/\/portalcatolico.net\/portal\/wp-json\/wp\/v2\/media?parent=38152"}],"wp:term":[{"taxonomy":"category","embeddable":true,"href":"https:\/\/portalcatolico.net\/portal\/wp-json\/wp\/v2\/categories?post=38152"},{"taxonomy":"post_tag","embeddable":true,"href":"https:\/\/portalcatolico.net\/portal\/wp-json\/wp\/v2\/tags?post=38152"}],"curies":[{"name":"wp","href":"https:\/\/api.w.org\/{rel}","templated":true}]}}